{"id":28258,"date":"2026-03-10T08:05:01","date_gmt":"2026-03-10T12:05:01","guid":{"rendered":"https:\/\/www.notaoficial.com\/s\/?p=28258"},"modified":"2026-03-14T08:08:56","modified_gmt":"2026-03-14T12:08:56","slug":"nestle-y-la-ucv-alianza-por-la-innovacion-cientifica-y-el-desarrollo-sostenible","status":"publish","type":"post","link":"https:\/\/www.notaoficial.com\/s\/2026\/03\/10\/nestle-y-la-ucv-alianza-por-la-innovacion-cientifica-y-el-desarrollo-sostenible\/","title":{"rendered":"Nestl\u00e9 y la ucv : Alianza por la innovaci\u00f3n cient\u00edfica y el desarrollo sostenible"},"content":{"rendered":"<p data-path-to-node=\"6\"><b data-path-to-node=\"6\" data-index-in-node=\"0\">Nestl\u00e9 Venezuela<\/b> y la <b data-path-to-node=\"6\" data-index-in-node=\"22\">Universidad Central de Venezuela<\/b> han ratificado su compromiso de trabajar de manera conjunta para abordar los retos del sector agroindustrial. Esta alianza estrat\u00e9gica busca transformar el conocimiento acad\u00e9mico en soluciones pr\u00e1cticas para la producci\u00f3n de alimentos, la mejora de procesos industriales y la sostenibilidad ambiental. Para Nestl\u00e9, este acuerdo representa una v\u00eda directa para fomentar la innovaci\u00f3n local, mientras que para la UCV significa una oportunidad para que sus investigadores y estudiantes apliquen sus conocimientos en entornos productivos de escala global.<\/p>\n<h2 data-path-to-node=\"7\"><b data-path-to-node=\"7\" data-index-in-node=\"0\">Ejes del Acuerdo de Colaboraci\u00f3n<\/b><\/h2>\n<p data-path-to-node=\"8\">El convenio se sustenta en tres \u00e1reas de acci\u00f3n prioritarias:<\/p>\n<ul>\n<li data-path-to-node=\"9,0,0\"><b data-path-to-node=\"9,0,0\" data-index-in-node=\"0\">Investigaci\u00f3n y Desarrollo (I+D):<\/b> Proyectos conjuntos enfocados en la mejora nutricional de productos, el estudio de materias primas nacionales y el desarrollo de empaques m\u00e1s sostenibles.<\/li>\n<li data-path-to-node=\"9,1,0\"><b data-path-to-node=\"9,1,0\" data-index-in-node=\"0\">Formaci\u00f3n y Capacitaci\u00f3n T\u00e9cnica:<\/b> Programas de pasant\u00edas, charlas magistrales y talleres pr\u00e1cticos que permiten la transferencia de tecnolog\u00eda y mejores pr\u00e1cticas desde la industria hacia las facultades de Ciencias, Agronom\u00eda y Veterinaria.<\/li>\n<li data-path-to-node=\"9,2,0\"><b data-path-to-node=\"9,2,0\" data-index-in-node=\"0\">Sostenibilidad y Medio Ambiente:<\/b> Colaboraci\u00f3n en estudios sobre regeneraci\u00f3n de suelos, uso eficiente del agua y reducci\u00f3n de desperdicios en la cadena de valor alimentaria.<\/li>\n<\/ul>\n<h2 data-path-to-node=\"10\"><b data-path-to-node=\"10\" data-index-in-node=\"0\">Impacto en el Desarrollo Nacional<\/b><\/h2>\n<p data-path-to-node=\"11\">Para el ecosistema cient\u00edfico y empresarial, esta consolidaci\u00f3n genera ventajas estrat\u00e9gicas:<\/p>\n<ol>\n<li data-path-to-node=\"12,0,0\"><b data-path-to-node=\"12,0,0\" data-index-in-node=\"0\">Soberan\u00eda del Conocimiento:<\/b> Fomenta la creaci\u00f3n de soluciones cient\u00edficas dise\u00f1adas espec\u00edficamente para el contexto y los recursos venezolanos.<\/li>\n<li data-path-to-node=\"12,1,0\"><b data-path-to-node=\"12,1,0\" data-index-in-node=\"0\">Atracci\u00f3n de Talento:<\/b> Al conectar la universidad con una empresa l\u00edder, se incentiva la formaci\u00f3n de profesionales altamente capacitados en \u00e1reas cr\u00edticas de la ciencia de los alimentos.<\/li>\n<li data-path-to-node=\"12,2,0\"><b data-path-to-node=\"12,2,0\" data-index-in-node=\"0\">Fortalecimiento Institucional:<\/b> La UCV recibe apoyo para la actualizaci\u00f3n de sus laboratorios y el desarrollo de l\u00edneas de investigaci\u00f3n aplicadas, elevando su competitividad acad\u00e9mica.<\/li>\n<\/ol>\n<p data-path-to-node=\"14\">La alianza entre <b data-path-to-node=\"14\" data-index-in-node=\"17\">Nestl\u00e9<\/b> y la <b data-path-to-node=\"14\" data-index-in-node=\"29\">UCV<\/b> reafirma que la colaboraci\u00f3n p\u00fablico-privada es esencial para el progreso cient\u00edfico. En 2026, este acuerdo no solo garantiza la evoluci\u00f3n t\u00e9cnica de la industria alimentaria, sino que asegura un futuro donde la ciencia y la producci\u00f3n caminen de la mano para mejorar la nutrici\u00f3n y el bienestar de la sociedad venezolana, consolidando un modelo de \u00e9xito compartido entre la academia y el sector privado.<\/p>\n","protected":false},"excerpt":{"rendered":"<p>Nestl\u00e9 Venezuela y la Universidad Central de Venezuela han ratificado su compromiso de trabajar de manera conjunta para abordar los retos del sector agroindustrial. Esta alianza estrat\u00e9gica busca transformar el conocimiento acad\u00e9mico en soluciones pr\u00e1cticas para la producci\u00f3n de alimentos, la mejora de procesos industriales y la sostenibilidad ambiental. Para Nestl\u00e9, este acuerdo representa una [&hellip;]<\/p>\n","protected":false},"author":2,"featured_media":28262,"comment_status":"closed","ping_status":"open","sticky":false,"template":"","format":"standard","meta":[],"categories":[93,146,2],"tags":[9782,10632,10529,9707,15],"wppr_data":{"cwp_meta_box_check":"No"},"_links":{"self":[{"href":"https:\/\/www.notaoficial.com\/s\/wp-json\/wp\/v2\/posts\/28258"}],"collection":[{"href":"https:\/\/www.notaoficial.com\/s\/wp-json\/wp\/v2\/posts"}],"about":[{"href":"https:\/\/www.notaoficial.com\/s\/wp-json\/wp\/v2\/types\/post"}],"author":[{"embeddable":true,"href":"https:\/\/www.notaoficial.com\/s\/wp-json\/wp\/v2\/users\/2"}],"replies":[{"embeddable":true,"href":"https:\/\/www.notaoficial.com\/s\/wp-json\/wp\/v2\/comments?post=28258"}],"version-history":[{"count":1,"href":"https:\/\/www.notaoficial.com\/s\/wp-json\/wp\/v2\/posts\/28258\/revisions"}],"predecessor-version":[{"id":28263,"href":"https:\/\/www.notaoficial.com\/s\/wp-json\/wp\/v2\/posts\/28258\/revisions\/28263"}],"wp:featuredmedia":[{"embeddable":true,"href":"https:\/\/www.notaoficial.com\/s\/wp-json\/wp\/v2\/media\/28262"}],"wp:attachment":[{"href":"https:\/\/www.notaoficial.com\/s\/wp-json\/wp\/v2\/media?parent=28258"}],"wp:term":[{"taxonomy":"category","embeddable":true,"href":"https:\/\/www.notaoficial.com\/s\/wp-json\/wp\/v2\/categories?post=28258"},{"taxonomy":"post_tag","embeddable":true,"href":"https:\/\/www.notaoficial.com\/s\/wp-json\/wp\/v2\/tags?post=28258"}],"curies":[{"name":"wp","href":"https:\/\/api.w.org\/{rel}","templated":true}]}}