{"id":28265,"date":"2026-03-11T08:09:07","date_gmt":"2026-03-11T12:09:07","guid":{"rendered":"https:\/\/www.notaoficial.com\/s\/?p=28265"},"modified":"2026-03-14T08:12:40","modified_gmt":"2026-03-14T12:12:40","slug":"nescafe-rinde-homenaje-a-guatemala-con-su-nueva-coleccion-de-tazas-orgullo-chapin","status":"publish","type":"post","link":"https:\/\/www.notaoficial.com\/s\/2026\/03\/11\/nescafe-rinde-homenaje-a-guatemala-con-su-nueva-coleccion-de-tazas-orgullo-chapin\/","title":{"rendered":"Nescaf\u00e9 rinde homenaje a Guatemala con su nueva colecci\u00f3n de tazas &#8216;Orgullo Chap\u00edn&#8217;"},"content":{"rendered":"<p id=\"p-rc_99326a14d8fe7399-55\" data-path-to-node=\"6\"><b data-path-to-node=\"6\" data-index-in-node=\"0\"><span class=\"citation-93\">Nestl\u00e9 Centroam\u00e9rica<\/span><\/b><span class=\"citation-93\">, a trav\u00e9s de su marca <\/span><b data-path-to-node=\"6\" data-index-in-node=\"43\"><span class=\"citation-93\">Nescaf\u00e9<\/span><\/b><span class=\"citation-93 citation-end-93\">, ha lanzado una campa\u00f1a de identidad denominada \u00abOrgullo Chap\u00edn\u00bb.<\/span> <span class=\"citation-92 citation-end-92\">Esta iniciativa consiste en una colecci\u00f3n de tazas de edici\u00f3n limitada dise\u00f1adas para rendir tributo a la riqueza cultural de Guatemala y, fundamentalmente, a los miles de manos que intervienen en la producci\u00f3n del grano.<\/span> Al vincular el consumo cotidiano del caf\u00e9 con el arte y la historia local, la marca busca trascender su presencia comercial para convertirse en un s\u00edmbolo de pertenencia y reconocimiento al esfuerzo de la comunidad cafetalera guatemalteca.<\/p>\n<h2 data-path-to-node=\"7\"><b data-path-to-node=\"7\" data-index-in-node=\"0\">Ejes de la Propuesta de Marca<\/b><\/h2>\n<p data-path-to-node=\"8\">La campa\u00f1a se sustenta en tres pilares que buscan elevar la experiencia del consumidor:<\/p>\n<ul>\n<li data-path-to-node=\"9,0,0\"><b data-path-to-node=\"9,0,0\" data-index-in-node=\"0\">Homenaje a los Caficultores:<\/b> Los dise\u00f1os de la colecci\u00f3n reflejan el compromiso de la marca con el campo guatemalteco, visibilizando la labor de quienes cultivan y cosechan uno de los caf\u00e9s m\u00e1s apreciados del mundo.<\/li>\n<li data-path-to-node=\"9,1,0\"><b data-path-to-node=\"9,1,0\" data-index-in-node=\"0\">Iconograf\u00eda Nacional:<\/b> Las tazas incorporan elementos visuales representativos de la cultura chapina, integrando colores, paisajes y s\u00edmbolos que resuenan con la identidad nacional.<\/li>\n<li id=\"p-rc_99326a14d8fe7399-56\" data-path-to-node=\"9,2,0\"><b data-path-to-node=\"9,2,0\" data-index-in-node=\"0\"><span class=\"citation-91\">Calidad y Tradici\u00f3n:<\/span><\/b><span class=\"citation-91 citation-end-91\"> Nescaf\u00e9 utiliza esta plataforma para reafirmar la calidad de su caf\u00e9, destacando que cada taza es el resultado de un proceso que respeta la herencia y los altos est\u00e1ndares de producci\u00f3n local.<\/span><\/li>\n<\/ul>\n<h2 data-path-to-node=\"10\"><b data-path-to-node=\"10\" data-index-in-node=\"0\">Impacto en el Posicionamiento de Nescaf\u00e9<\/b><\/h2>\n<p data-path-to-node=\"11\">Para Nestl\u00e9, esta estrategia genera ventajas competitivas centradas en la lealtad de marca:<\/p>\n<ol>\n<li data-path-to-node=\"12,0,0\"><b data-path-to-node=\"12,0,0\" data-index-in-node=\"0\">Humanizaci\u00f3n de la Gran Corporaci\u00f3n:<\/b> Al centrar la narrativa en la gente y sus tradiciones, Nescaf\u00e9 se posiciona como una marca cercana que entiende y valora la idiosincrasia de su mercado.<\/li>\n<li data-path-to-node=\"12,1,0\"><b data-path-to-node=\"12,1,0\" data-index-in-node=\"0\">Valor de Coleccionismo:<\/b> La creaci\u00f3n de art\u00edculos de edici\u00f3n limitada genera un sentido de urgencia y exclusividad que impulsa la rotaci\u00f3n de producto en los puntos de venta.<\/li>\n<li data-path-to-node=\"12,2,0\"><b data-path-to-node=\"12,2,0\" data-index-in-node=\"0\">Refuerzo de la Responsabilidad Social:<\/b> La campa\u00f1a act\u00faa como un recordatorio del apoyo de la compa\u00f1\u00eda al desarrollo sostenible de las comunidades rurales guatemaltecas a trav\u00e9s de sus programas de apoyo t\u00e9cnico.<\/li>\n<\/ol>\n<p id=\"p-rc_99326a14d8fe7399-57\" data-path-to-node=\"14\">Con el lanzamiento de la colecci\u00f3n <b data-path-to-node=\"14\" data-index-in-node=\"35\">\u00abOrgullo Chap\u00edn\u00bb<\/b>, <b data-path-to-node=\"14\" data-index-in-node=\"53\">Nescaf\u00e9<\/b> demuestra que el caf\u00e9 es mucho m\u00e1s que una bebida; es un veh\u00edculo de expresi\u00f3n cultural. <span class=\"citation-90 citation-end-90\">En 2026, esta iniciativa consolida a la marca como un aliado del progreso local, celebrando la excelencia del caf\u00e9 de Guatemala y fortaleciendo el v\u00ednculo emocional con millones de guatemaltecos que inician su d\u00eda con un tributo a su propia tierra.<\/span><\/p>\n","protected":false},"excerpt":{"rendered":"<p>Nestl\u00e9 Centroam\u00e9rica, a trav\u00e9s de su marca Nescaf\u00e9, ha lanzado una campa\u00f1a de identidad denominada \u00abOrgullo Chap\u00edn\u00bb. Esta iniciativa consiste en una colecci\u00f3n de tazas de edici\u00f3n limitada dise\u00f1adas para rendir tributo a la riqueza cultural de Guatemala y, fundamentalmente, a los miles de manos que intervienen en la producci\u00f3n del grano. Al vincular el [&hellip;]<\/p>\n","protected":false},"author":2,"featured_media":28268,"comment_status":"closed","ping_status":"open","sticky":false,"template":"","format":"standard","meta":[],"categories":[93,146,2],"tags":[9782,10632,10529,9707,15],"wppr_data":{"cwp_meta_box_check":"No"},"_links":{"self":[{"href":"https:\/\/www.notaoficial.com\/s\/wp-json\/wp\/v2\/posts\/28265"}],"collection":[{"href":"https:\/\/www.notaoficial.com\/s\/wp-json\/wp\/v2\/posts"}],"about":[{"href":"https:\/\/www.notaoficial.com\/s\/wp-json\/wp\/v2\/types\/post"}],"author":[{"embeddable":true,"href":"https:\/\/www.notaoficial.com\/s\/wp-json\/wp\/v2\/users\/2"}],"replies":[{"embeddable":true,"href":"https:\/\/www.notaoficial.com\/s\/wp-json\/wp\/v2\/comments?post=28265"}],"version-history":[{"count":1,"href":"https:\/\/www.notaoficial.com\/s\/wp-json\/wp\/v2\/posts\/28265\/revisions"}],"predecessor-version":[{"id":28269,"href":"https:\/\/www.notaoficial.com\/s\/wp-json\/wp\/v2\/posts\/28265\/revisions\/28269"}],"wp:featuredmedia":[{"embeddable":true,"href":"https:\/\/www.notaoficial.com\/s\/wp-json\/wp\/v2\/media\/28268"}],"wp:attachment":[{"href":"https:\/\/www.notaoficial.com\/s\/wp-json\/wp\/v2\/media?parent=28265"}],"wp:term":[{"taxonomy":"category","embeddable":true,"href":"https:\/\/www.notaoficial.com\/s\/wp-json\/wp\/v2\/categories?post=28265"},{"taxonomy":"post_tag","embeddable":true,"href":"https:\/\/www.notaoficial.com\/s\/wp-json\/wp\/v2\/tags?post=28265"}],"curies":[{"name":"wp","href":"https:\/\/api.w.org\/{rel}","templated":true}]}}