{"id":28275,"date":"2026-03-12T08:14:49","date_gmt":"2026-03-12T12:14:49","guid":{"rendered":"https:\/\/www.notaoficial.com\/s\/?p=28275"},"modified":"2026-03-14T08:19:25","modified_gmt":"2026-03-14T12:19:25","slug":"geopolitica-del-espanol-la-rae-presenta-el-mapa-estrategico-del-idioma","status":"publish","type":"post","link":"https:\/\/www.notaoficial.com\/s\/2026\/03\/12\/geopolitica-del-espanol-la-rae-presenta-el-mapa-estrategico-del-idioma\/","title":{"rendered":"&#8216;Geopol\u00edtica del espa\u00f1ol&#8217;: La RAE presenta el mapa estrat\u00e9gico del idioma"},"content":{"rendered":"<p data-path-to-node=\"6\">La <b data-path-to-node=\"6\" data-index-in-node=\"3\">Real Academia Espa\u00f1ola<\/b> ha dado a conocer esta obra, la cual ofrece una radiograf\u00eda exhaustiva sobre el estatus del espa\u00f1ol como lengua de alcance internacional. El enfoque de la obra rompe con la visi\u00f3n meramente cultural del idioma para situarlo como un <b data-path-to-node=\"6\" data-index-in-node=\"258\">activo geopol\u00edtico<\/b>. En un mundo donde la conectividad digital y la influencia demogr\u00e1fica definen el poder de las naciones, el espa\u00f1ol no solo act\u00faa como un veh\u00edculo de comunicaci\u00f3n, sino como una fuerza que proyecta intereses compartidos, valores y potencialidades econ\u00f3micas en el \u00e1mbito global.<\/p>\n<h2 data-path-to-node=\"7\"><b data-path-to-node=\"7\" data-index-in-node=\"0\">Ejes Centrales de la Obra<\/b><\/h2>\n<p data-path-to-node=\"8\">El an\u00e1lisis se articula sobre tres vectores de influencia:<\/p>\n<ul>\n<li data-path-to-node=\"9,0,0\"><b data-path-to-node=\"9,0,0\" data-index-in-node=\"0\">Dimensi\u00f3n Demogr\u00e1fica:<\/b> La base de hablantes nativos y su crecimiento sostenido, lo que confiere al espa\u00f1ol una posici\u00f3n privilegiada en los mercados de consumo y en las plataformas de contenidos.<\/li>\n<li data-path-to-node=\"9,1,0\"><b data-path-to-node=\"9,1,0\" data-index-in-node=\"0\">Presencia en el Entorno Digital:<\/b> La adaptaci\u00f3n del idioma a la era de la inteligencia artificial, destacando la necesidad de que el espa\u00f1ol lidere en el entrenamiento de modelos de lenguaje para asegurar su relevancia en la econom\u00eda del dato.<\/li>\n<li data-path-to-node=\"9,2,0\"><b data-path-to-node=\"9,2,0\" data-index-in-node=\"0\">Peso Econ\u00f3mico y Diplomacia Cultural:<\/b> La capacidad del espa\u00f1ol para facilitar el comercio, la inversi\u00f3n y la diplomacia entre los pa\u00edses hispanohablantes y sus socios comerciales, fortaleciendo el bloque como un actor relevante en el tablero internacional.<\/li>\n<\/ul>\n<h2 data-path-to-node=\"10\"><b data-path-to-node=\"10\" data-index-in-node=\"0\">Relevancia para el Futuro del Espa\u00f1ol<\/b><\/h2>\n<p data-path-to-node=\"11\">Para la <b data-path-to-node=\"11\" data-index-in-node=\"8\">RAE<\/b> y las instituciones asociadas, la presentaci\u00f3n de este trabajo genera hitos de impacto:<\/p>\n<ol>\n<li data-path-to-node=\"12,0,0\"><b data-path-to-node=\"12,0,0\" data-index-in-node=\"0\">Visibilidad Estrat\u00e9gica:<\/b> Consolida la idea de que la lengua es un pilar de la pol\u00edtica exterior y de la identidad com\u00fan de los estados que la comparten.<\/li>\n<li data-path-to-node=\"12,1,0\"><b data-path-to-node=\"12,1,0\" data-index-in-node=\"0\">Gu\u00eda para Pol\u00edticas P\u00fablicas:<\/b> Ofrece un marco de referencia para que los gobiernos impulsen la ense\u00f1anza, el uso t\u00e9cnico y la protecci\u00f3n del idioma frente a la uniformidad global impuesta por otras lenguas.<\/li>\n<li data-path-to-node=\"12,2,0\"><b data-path-to-node=\"12,2,0\" data-index-in-node=\"0\">Refuerzo de la Unidad Institucional:<\/b> La obra es el resultado de una visi\u00f3n compartida, subrayando que la fortaleza del espa\u00f1ol reside en la unidad y la cooperaci\u00f3n entre las academias de ambos lados del Atl\u00e1ntico.<\/li>\n<\/ol>\n<p data-path-to-node=\"14\"><b data-path-to-node=\"14\" data-index-in-node=\"0\">\u00abGeopol\u00edtica del espa\u00f1ol\u00bb<\/b> es un llamado a la acci\u00f3n. En 2026, la obra demuestra que, si bien la lengua goza de una salud envidiable, su futuro depende de la capacidad de sus hablantes y sus gobiernos para integrar el idioma en las estructuras de poder cient\u00edfico, tecnol\u00f3gico y financiero. La RAE reafirma as\u00ed su papel no solo como guardiana de la norma, sino como impulsora de la proyecci\u00f3n estrat\u00e9gica de la lengua espa\u00f1ola en el mundo.<\/p>\n","protected":false},"excerpt":{"rendered":"<p>La Real Academia Espa\u00f1ola ha dado a conocer esta obra, la cual ofrece una radiograf\u00eda exhaustiva sobre el estatus del espa\u00f1ol como lengua de alcance internacional. El enfoque de la obra rompe con la visi\u00f3n meramente cultural del idioma para situarlo como un activo geopol\u00edtico. En un mundo donde la conectividad digital y la influencia [&hellip;]<\/p>\n","protected":false},"author":2,"featured_media":28280,"comment_status":"closed","ping_status":"open","sticky":false,"template":"","format":"standard","meta":[],"categories":[93,146,2],"tags":[9782,10632,10529,9707,15],"wppr_data":{"cwp_meta_box_check":"No"},"_links":{"self":[{"href":"https:\/\/www.notaoficial.com\/s\/wp-json\/wp\/v2\/posts\/28275"}],"collection":[{"href":"https:\/\/www.notaoficial.com\/s\/wp-json\/wp\/v2\/posts"}],"about":[{"href":"https:\/\/www.notaoficial.com\/s\/wp-json\/wp\/v2\/types\/post"}],"author":[{"embeddable":true,"href":"https:\/\/www.notaoficial.com\/s\/wp-json\/wp\/v2\/users\/2"}],"replies":[{"embeddable":true,"href":"https:\/\/www.notaoficial.com\/s\/wp-json\/wp\/v2\/comments?post=28275"}],"version-history":[{"count":1,"href":"https:\/\/www.notaoficial.com\/s\/wp-json\/wp\/v2\/posts\/28275\/revisions"}],"predecessor-version":[{"id":28281,"href":"https:\/\/www.notaoficial.com\/s\/wp-json\/wp\/v2\/posts\/28275\/revisions\/28281"}],"wp:featuredmedia":[{"embeddable":true,"href":"https:\/\/www.notaoficial.com\/s\/wp-json\/wp\/v2\/media\/28280"}],"wp:attachment":[{"href":"https:\/\/www.notaoficial.com\/s\/wp-json\/wp\/v2\/media?parent=28275"}],"wp:term":[{"taxonomy":"category","embeddable":true,"href":"https:\/\/www.notaoficial.com\/s\/wp-json\/wp\/v2\/categories?post=28275"},{"taxonomy":"post_tag","embeddable":true,"href":"https:\/\/www.notaoficial.com\/s\/wp-json\/wp\/v2\/tags?post=28275"}],"curies":[{"name":"wp","href":"https:\/\/api.w.org\/{rel}","templated":true}]}}