{"id":28284,"date":"2026-03-13T08:19:39","date_gmt":"2026-03-13T12:19:39","guid":{"rendered":"https:\/\/www.notaoficial.com\/s\/?p=28284"},"modified":"2026-03-14T08:23:56","modified_gmt":"2026-03-14T12:23:56","slug":"navarra-proyecta-un-crecimiento-del-6-en-matriculaciones-para-el-cierre-de-2026","status":"publish","type":"post","link":"https:\/\/www.notaoficial.com\/s\/2026\/03\/13\/navarra-proyecta-un-crecimiento-del-6-en-matriculaciones-para-el-cierre-de-2026\/","title":{"rendered":"Navarra proyecta un crecimiento del 6% en matriculaciones para el cierre de 2026"},"content":{"rendered":"<p data-path-to-node=\"6\">La previsi\u00f3n de <b data-path-to-node=\"6\" data-index-in-node=\"16\">Faconauto<\/b> para la Comunidad Foral de Navarra apunta a una consolidaci\u00f3n del mercado automotriz. <span class=\"citation-129\">Tras periodos de incertidumbre, el sector proyecta un <\/span><b data-path-to-node=\"6\" data-index-in-node=\"166\"><span class=\"citation-129\">crecimiento del 6% en las matriculaciones<\/span><\/b><span class=\"citation-129 citation-end-129\"> para finales de 2026.<\/span> Este incremento refleja una mejora en el poder adquisitivo de las familias y una mayor claridad en las pol\u00edticas de movilidad, lo que ha reducido la indecisi\u00f3n de compra que frenaba la renovaci\u00f3n de los veh\u00edculos en a\u00f1os anteriores.<\/p>\n<h2 data-path-to-node=\"7\"><b data-path-to-node=\"7\" data-index-in-node=\"0\">Ejes de la Recuperaci\u00f3n del Sector<\/b><\/h2>\n<p data-path-to-node=\"8\">El optimismo de Faconauto se basa en tres factores clave:<\/p>\n<ul>\n<li data-path-to-node=\"9,0,0\"><b data-path-to-node=\"9,0,0\" data-index-in-node=\"0\">Renovaci\u00f3n del Parque M\u00f3vil:<\/b> Existe una demanda acumulada de veh\u00edculos nuevos por parte de usuarios que buscan sustituir unidades con mayor antig\u00fcedad, impulsada por la necesidad de acceder a zonas de bajas emisiones.<\/li>\n<li data-path-to-node=\"9,1,0\"><b data-path-to-node=\"9,1,0\" data-index-in-node=\"0\">Diversificaci\u00f3n de la Oferta:<\/b> La llegada de nuevos modelos electrificados e h\u00edbridos, con precios m\u00e1s competitivos, est\u00e1 atrayendo a una base de clientes m\u00e1s amplia que antes consideraba estas tecnolog\u00edas fuera de su alcance.<\/li>\n<li data-path-to-node=\"9,2,0\"><b data-path-to-node=\"9,2,0\" data-index-in-node=\"0\">Resiliencia de la Red de Distribuci\u00f3n:<\/b> Los concesionarios navarros han optimizado su gesti\u00f3n de inventarios y servicios postventa, permitiendo una entrega m\u00e1s eficiente y una mejor experiencia para el comprador final.<\/li>\n<\/ul>\n<h2 data-path-to-node=\"10\"><b data-path-to-node=\"10\" data-index-in-node=\"0\">Impacto en el Ecosistema Automotriz Navarro<\/b><\/h2>\n<p data-path-to-node=\"11\">Para la industria local, este crecimiento proyectado genera ventajas estrat\u00e9gicas:<\/p>\n<ol>\n<li data-path-to-node=\"12,0,0\"><b data-path-to-node=\"12,0,0\" data-index-in-node=\"0\">Estabilidad del Empleo:<\/b> Un mercado con un ritmo de matriculaciones saludable garantiza la viabilidad operativa de las redes de concesionarios y talleres de la regi\u00f3n.<\/li>\n<li data-path-to-node=\"12,1,0\"><b data-path-to-node=\"12,1,0\" data-index-in-node=\"0\"><span class=\"citation-128\">Impulso a la Movilidad Sostenible:<\/span><\/b><span class=\"citation-128 citation-end-128\"> El crecimiento del 6% favorece la introducci\u00f3n de veh\u00edculos menos contaminantes, ayudando a alcanzar los objetivos de descarbonizaci\u00f3n marcados para Navarra en 2026.<\/span><\/li>\n<li class=\"source-inline-chip-container ng-star-inserted\"><\/li>\n<li data-path-to-node=\"12,2,0\"><b data-path-to-node=\"12,2,0\" data-index-in-node=\"0\">Confianza Inversionista:<\/b> El comportamiento positivo de Navarra sirve como un bar\u00f3metro de salud para el sector a nivel nacional, atrayendo posibles nuevas inversiones en infraestructura de carga y servicios de movilidad.<\/li>\n<\/ol>\n<p data-path-to-node=\"14\">Con la previsi\u00f3n de un <b data-path-to-node=\"14\" data-index-in-node=\"23\">6% de crecimiento<\/b>, Navarra se posiciona como un mercado clave para el sector automotriz en Espa\u00f1a. <b data-path-to-node=\"14\" data-index-in-node=\"122\">Faconauto<\/b> subraya que este resultado no es solo una cifra, sino el reflejo de un sector que ha sabido adaptarse a las nuevas exigencias de los consumidores y a los retos tecnol\u00f3gicos. En 2026, el mercado navarro muestra signos claros de haber superado la etapa de estancamiento, encarril\u00e1ndose hacia una movilidad m\u00e1s eficiente, moderna y din\u00e1mica.<\/p>\n","protected":false},"excerpt":{"rendered":"<p>La previsi\u00f3n de Faconauto para la Comunidad Foral de Navarra apunta a una consolidaci\u00f3n del mercado automotriz. Tras periodos de incertidumbre, el sector proyecta un crecimiento del 6% en las matriculaciones para finales de 2026. Este incremento refleja una mejora en el poder adquisitivo de las familias y una mayor claridad en las pol\u00edticas de [&hellip;]<\/p>\n","protected":false},"author":2,"featured_media":28289,"comment_status":"closed","ping_status":"open","sticky":false,"template":"","format":"standard","meta":[],"categories":[93,146,2],"tags":[9782,10632,10529,9707,15],"wppr_data":{"cwp_meta_box_check":"No"},"_links":{"self":[{"href":"https:\/\/www.notaoficial.com\/s\/wp-json\/wp\/v2\/posts\/28284"}],"collection":[{"href":"https:\/\/www.notaoficial.com\/s\/wp-json\/wp\/v2\/posts"}],"about":[{"href":"https:\/\/www.notaoficial.com\/s\/wp-json\/wp\/v2\/types\/post"}],"author":[{"embeddable":true,"href":"https:\/\/www.notaoficial.com\/s\/wp-json\/wp\/v2\/users\/2"}],"replies":[{"embeddable":true,"href":"https:\/\/www.notaoficial.com\/s\/wp-json\/wp\/v2\/comments?post=28284"}],"version-history":[{"count":1,"href":"https:\/\/www.notaoficial.com\/s\/wp-json\/wp\/v2\/posts\/28284\/revisions"}],"predecessor-version":[{"id":28290,"href":"https:\/\/www.notaoficial.com\/s\/wp-json\/wp\/v2\/posts\/28284\/revisions\/28290"}],"wp:featuredmedia":[{"embeddable":true,"href":"https:\/\/www.notaoficial.com\/s\/wp-json\/wp\/v2\/media\/28289"}],"wp:attachment":[{"href":"https:\/\/www.notaoficial.com\/s\/wp-json\/wp\/v2\/media?parent=28284"}],"wp:term":[{"taxonomy":"category","embeddable":true,"href":"https:\/\/www.notaoficial.com\/s\/wp-json\/wp\/v2\/categories?post=28284"},{"taxonomy":"post_tag","embeddable":true,"href":"https:\/\/www.notaoficial.com\/s\/wp-json\/wp\/v2\/tags?post=28284"}],"curies":[{"name":"wp","href":"https:\/\/api.w.org\/{rel}","templated":true}]}}