{"id":28293,"date":"2026-03-14T08:27:04","date_gmt":"2026-03-14T12:27:04","guid":{"rendered":"https:\/\/www.notaoficial.com\/s\/?p=28293"},"modified":"2026-03-14T08:27:04","modified_gmt":"2026-03-14T12:27:04","slug":"volkswagen-navarra-inversion-historica-de-2891-millones-de-euros-en-2025","status":"publish","type":"post","link":"https:\/\/www.notaoficial.com\/s\/2026\/03\/14\/volkswagen-navarra-inversion-historica-de-2891-millones-de-euros-en-2025\/","title":{"rendered":"Volkswagen Navarra: Inversi\u00f3n hist\u00f3rica de 289,1 millones de euros en 2025"},"content":{"rendered":"<p data-path-to-node=\"6\">La inversi\u00f3n de <b data-path-to-node=\"6\" data-index-in-node=\"16\">289,1 millones de euros<\/b> ejecutada en 2025 representa el pilar fundamental del plan de transici\u00f3n de <b data-path-to-node=\"6\" data-index-in-node=\"116\">Volkswagen Navarra<\/b> hacia la fabricaci\u00f3n de veh\u00edculos el\u00e9ctricos. Este esfuerzo financiero no solo subraya el compromiso del Grupo Volkswagen con la factor\u00eda de Landaben, sino que tambi\u00e9n consolida a la planta como un nodo estrat\u00e9gico en la red de producci\u00f3n europea. La inyecci\u00f3n de capital ha permitido adaptar las l\u00edneas de ensamblaje, integrar nuevas tecnolog\u00edas de automatizaci\u00f3n y preparar la infraestructura necesaria para la pr\u00f3xima generaci\u00f3n de modelos cero emisiones.<\/p>\n<h2 data-path-to-node=\"7\"><b data-path-to-node=\"7\" data-index-in-node=\"0\">Ejes de la Inversi\u00f3n<\/b><\/h2>\n<p data-path-to-node=\"8\">El destino de estos recursos se ha estructurado en tres \u00e1reas de impacto operativo:<\/p>\n<ul>\n<li data-path-to-node=\"9,0,0\"><b data-path-to-node=\"9,0,0\" data-index-in-node=\"0\">Adaptaci\u00f3n de Procesos Industriales:<\/b> Modificaci\u00f3n integral de las instalaciones para permitir la fabricaci\u00f3n simult\u00e1nea de modelos t\u00e9rmicos y el\u00e9ctricos, optimizando la flexibilidad de la cadena de montaje.<\/li>\n<li data-path-to-node=\"9,1,0\"><b data-path-to-node=\"9,1,0\" data-index-in-node=\"0\">Tecnolog\u00eda e Innovaci\u00f3n:<\/b> Implementaci\u00f3n de sistemas avanzados de rob\u00f3tica y digitalizaci\u00f3n, mejorando la precisi\u00f3n en el ensamblaje y aumentando la eficiencia energ\u00e9tica de la planta.<\/li>\n<li data-path-to-node=\"9,2,0\"><b data-path-to-node=\"9,2,0\" data-index-in-node=\"0\">Formaci\u00f3n y Capacitaci\u00f3n:<\/b> Programas de actualizaci\u00f3n para el personal, garantizando que el capital humano cuente con las competencias necesarias para operar los nuevos est\u00e1ndares de movilidad el\u00e9ctrica.<\/li>\n<\/ul>\n<h2 data-path-to-node=\"10\"><b data-path-to-node=\"10\" data-index-in-node=\"0\">Impacto en el Sector Automotriz y la Regi\u00f3n<\/b><\/h2>\n<p data-path-to-node=\"11\">Para Volkswagen Navarra y su entorno econ\u00f3mico, este nivel de inversi\u00f3n genera ventajas competitivas claras:<\/p>\n<ol>\n<li data-path-to-node=\"12,0,0\"><b data-path-to-node=\"12,0,0\" data-index-in-node=\"0\">Garant\u00eda de Sostenibilidad Industrial:<\/b> La inversi\u00f3n asegura que la planta mantenga su competitividad frente a otros centros de producci\u00f3n globales, protegiendo el empleo y la actividad econ\u00f3mica regional.<\/li>\n<li data-path-to-node=\"12,1,0\"><b data-path-to-node=\"12,1,0\" data-index-in-node=\"0\">Liderazgo en la Transici\u00f3n Energ\u00e9tica:<\/b> Navarra se posiciona a la vanguardia de la producci\u00f3n de veh\u00edculos sostenibles en Espa\u00f1a, atrayendo talento especializado y fomentando un ecosistema de proveedores locales m\u00e1s avanzado.<\/li>\n<li data-path-to-node=\"12,2,0\"><b data-path-to-node=\"12,2,0\" data-index-in-node=\"0\">Modernizaci\u00f3n del Modelo de Negocio:<\/b> La capacidad de gestionar procesos de alta complejidad tecnol\u00f3gica permite a la planta mejorar sus m\u00e1rgenes de eficiencia operativa, prepar\u00e1ndola para los retos de mercado de los pr\u00f3ximos a\u00f1os.<\/li>\n<\/ol>\n<p data-path-to-node=\"14\">Con una inversi\u00f3n de <b data-path-to-node=\"14\" data-index-in-node=\"21\">289,1 millones de euros<\/b>, <b data-path-to-node=\"14\" data-index-in-node=\"46\">Volkswagen Navarra<\/b> bate su r\u00e9cord hist\u00f3rico y traza una hoja de ruta clara hacia el futuro. En 2026, la planta ya recoge los frutos de este esfuerzo financiero, posicion\u00e1ndose no solo como una f\u00e1brica, sino como un centro de innovaci\u00f3n industrial clave para la descarbonizaci\u00f3n del sector automotriz europeo.<\/p>\n","protected":false},"excerpt":{"rendered":"<p>La inversi\u00f3n de 289,1 millones de euros ejecutada en 2025 representa el pilar fundamental del plan de transici\u00f3n de Volkswagen Navarra hacia la fabricaci\u00f3n de veh\u00edculos el\u00e9ctricos. Este esfuerzo financiero no solo subraya el compromiso del Grupo Volkswagen con la factor\u00eda de Landaben, sino que tambi\u00e9n consolida a la planta como un nodo estrat\u00e9gico en [&hellip;]<\/p>\n","protected":false},"author":2,"featured_media":28296,"comment_status":"closed","ping_status":"open","sticky":false,"template":"","format":"standard","meta":[],"categories":[93,146,2],"tags":[9782,10632,10529,9707,15],"wppr_data":{"cwp_meta_box_check":"No"},"_links":{"self":[{"href":"https:\/\/www.notaoficial.com\/s\/wp-json\/wp\/v2\/posts\/28293"}],"collection":[{"href":"https:\/\/www.notaoficial.com\/s\/wp-json\/wp\/v2\/posts"}],"about":[{"href":"https:\/\/www.notaoficial.com\/s\/wp-json\/wp\/v2\/types\/post"}],"author":[{"embeddable":true,"href":"https:\/\/www.notaoficial.com\/s\/wp-json\/wp\/v2\/users\/2"}],"replies":[{"embeddable":true,"href":"https:\/\/www.notaoficial.com\/s\/wp-json\/wp\/v2\/comments?post=28293"}],"version-history":[{"count":1,"href":"https:\/\/www.notaoficial.com\/s\/wp-json\/wp\/v2\/posts\/28293\/revisions"}],"predecessor-version":[{"id":28297,"href":"https:\/\/www.notaoficial.com\/s\/wp-json\/wp\/v2\/posts\/28293\/revisions\/28297"}],"wp:featuredmedia":[{"embeddable":true,"href":"https:\/\/www.notaoficial.com\/s\/wp-json\/wp\/v2\/media\/28296"}],"wp:attachment":[{"href":"https:\/\/www.notaoficial.com\/s\/wp-json\/wp\/v2\/media?parent=28293"}],"wp:term":[{"taxonomy":"category","embeddable":true,"href":"https:\/\/www.notaoficial.com\/s\/wp-json\/wp\/v2\/categories?post=28293"},{"taxonomy":"post_tag","embeddable":true,"href":"https:\/\/www.notaoficial.com\/s\/wp-json\/wp\/v2\/tags?post=28293"}],"curies":[{"name":"wp","href":"https:\/\/api.w.org\/{rel}","templated":true}]}}