{"id":2860,"date":"2018-09-03T18:13:14","date_gmt":"2018-09-03T22:13:14","guid":{"rendered":"http:\/\/www.notaoficial.com\/s\/?p=2860"},"modified":"2018-09-03T17:20:40","modified_gmt":"2018-09-03T21:20:40","slug":"chacal-estrena-su-nuevo-tema-no-volvere","status":"publish","type":"post","link":"https:\/\/www.notaoficial.com\/s\/2018\/09\/03\/chacal-estrena-su-nuevo-tema-no-volvere\/","title":{"rendered":"Chacal estrena su nuevo tema \u201cNo Volver\u00e9\u201d"},"content":{"rendered":"<p align=\"justify\"><strong> Ram\u00f3n Lavado Mart\u00ednez<\/strong>, mejor conocido bajo su nombre art\u00edstico como \u201cChacal\u00bb lanza su nuevo sencillo en promoci\u00f3n titulado \u201cNo Volver\u00e9\u201d. Canci\u00f3n que nace del junte entre \u201c<strong>I AM Chino<\/strong>\u201d y Chacal, producido por <strong>Frank Pal<\/strong> y <strong>Dj Keypo<\/strong> para el sello discogr\u00e1fico \u201cLA CORPORACI\u00d3N\u201d.<\/p>\n<p align=\"justify\">\u201cNo Volver\u00e9\u201d es una fusi\u00f3n de ritmos latinos con base de reggaeton &amp; dance hall, donde se destacan diversos instrumentos como las guitarras ac\u00fasticas, mientras la composici\u00f3n nos presenta la historia de un desamor de una pareja donde el protagonista le expresa su deseo que se vaya de su vida; dici\u00e9ndole que ya ama a otra mujer.<\/p>\n<p align=\"justify\">Chacal, se ha destacado como cantautor por excelencia del genero urbano cubano que se difunde alrededor del mundo; desde muy temprana edad comenz\u00f3 a involucrarse en el Hip Hop de Cuba, logrando m\u00faltiples habilidades e incre\u00edble intensidad al presentarse en cualquier escenario. Lleg\u00f3 al reconocimiento internacional y popularidad gracias a sus producciones como solista y en agrupaciones como \u201c<strong>Chacal y Yakarta<\/strong>\u201d, y tambi\u00e9n contando con la colaboraci\u00f3n de <strong>DJ IamChino, Yandel<\/strong> y <strong>Pitbull<\/strong>.<\/p>\n<p align=\"justify\">Su tema \u201cAy mi Dios\u201d (2016), escrito por Chacal 10 a\u00f1os antes de alcanzar el \u00e9xito, se coloc\u00f3 en la cima de carteleras mundiales como #1 en Billboard por varias semanas, con m\u00e1s de 400 millones de reproducciones en YouTube y sobre las 230 millones en Spotify; adicionalmente el cantautor fue nominado como \u201cMejor colaboraci\u00f3n urbana\u201d en Premios Lo Nuestro y \u201cCanci\u00f3n latina del a\u00f1o\u201d en los I Heart Music Awards.<\/p>\n<p align=\"justify\">Recientemente Chacal realiz\u00f3 una gira por Europa denominada #CalentandoEuropa, llev\u00e1ndolo por Italia, Espa\u00f1a, Suecia, Suiza y Alemania, adem\u00e1s hizo un recorrido por diversas ciudades de los Estados Unidos.<\/p>\n<p align=\"justify\"><strong>Lo que viene del Chacal<\/strong><br \/>\nActualmente el artista e int\u00e9rprete de \u201cNo Volver\u00e9\u201d, termina su nuevo proyecto musical con diversas participaciones de artistas de nivel internacional donde adem\u00e1s se lograran interesantes fusiones musicales, enfocado en el 2018 que ya se ha presentado como un a\u00f1o espectacular de crecimiento y el 2019 que confiamos ser\u00e1 el a\u00f1o de mayor bienestar en su carrera art\u00edstica.<\/p>\n<p>&nbsp;<\/p>\n","protected":false},"excerpt":{"rendered":"<p>Ram\u00f3n Lavado Mart\u00ednez, mejor conocido bajo su nombre art\u00edstico como \u201cChacal\u00bb lanza su nuevo sencillo en promoci\u00f3n titulado \u201cNo Volver\u00e9\u201d. Canci\u00f3n que nace del junte entre \u201cI AM Chino\u201d y Chacal, producido por Frank Pal y Dj Keypo para el sello discogr\u00e1fico \u201cLA CORPORACI\u00d3N\u201d. \u201cNo Volver\u00e9\u201d es una fusi\u00f3n de ritmos latinos con base de [&hellip;]<\/p>\n","protected":false},"author":2,"featured_media":2861,"comment_status":"closed","ping_status":"open","sticky":false,"template":"","format":"standard","meta":[],"categories":[146],"tags":[823,2044,2045,2043,256,2042,819,2047,2041,2048,2049,2046],"wppr_data":[],"_links":{"self":[{"href":"https:\/\/www.notaoficial.com\/s\/wp-json\/wp\/v2\/posts\/2860"}],"collection":[{"href":"https:\/\/www.notaoficial.com\/s\/wp-json\/wp\/v2\/posts"}],"about":[{"href":"https:\/\/www.notaoficial.com\/s\/wp-json\/wp\/v2\/types\/post"}],"author":[{"embeddable":true,"href":"https:\/\/www.notaoficial.com\/s\/wp-json\/wp\/v2\/users\/2"}],"replies":[{"embeddable":true,"href":"https:\/\/www.notaoficial.com\/s\/wp-json\/wp\/v2\/comments?post=2860"}],"version-history":[{"count":1,"href":"https:\/\/www.notaoficial.com\/s\/wp-json\/wp\/v2\/posts\/2860\/revisions"}],"predecessor-version":[{"id":2862,"href":"https:\/\/www.notaoficial.com\/s\/wp-json\/wp\/v2\/posts\/2860\/revisions\/2862"}],"wp:featuredmedia":[{"embeddable":true,"href":"https:\/\/www.notaoficial.com\/s\/wp-json\/wp\/v2\/media\/2861"}],"wp:attachment":[{"href":"https:\/\/www.notaoficial.com\/s\/wp-json\/wp\/v2\/media?parent=2860"}],"wp:term":[{"taxonomy":"category","embeddable":true,"href":"https:\/\/www.notaoficial.com\/s\/wp-json\/wp\/v2\/categories?post=2860"},{"taxonomy":"post_tag","embeddable":true,"href":"https:\/\/www.notaoficial.com\/s\/wp-json\/wp\/v2\/tags?post=2860"}],"curies":[{"name":"wp","href":"https:\/\/api.w.org\/{rel}","templated":true}]}}