{"id":2887,"date":"2018-09-06T16:55:14","date_gmt":"2018-09-06T20:55:14","guid":{"rendered":"http:\/\/www.notaoficial.com\/s\/?p=2887"},"modified":"2018-09-06T16:55:14","modified_gmt":"2018-09-06T20:55:14","slug":"libros-del-fuego-lanza-cuatro-nuevos-titulos","status":"publish","type":"post","link":"https:\/\/www.notaoficial.com\/s\/2018\/09\/06\/libros-del-fuego-lanza-cuatro-nuevos-titulos\/","title":{"rendered":"Libros del Fuego lanza cuatro nuevos t\u00edtulos"},"content":{"rendered":"<p>Libros del Fuego lanzar\u00e1 este mes cuatro nuevos t\u00edtulos en el marco de la Fiesta del Libro y la Cultura de Medell\u00edn, que se celebrar\u00e1 desde el 7 hasta el 16 de septiembre.<\/p>\n<p>Las novedades de Libros del Fuego incluyen:<\/p>\n<p>Llamadas de \u00c1msterdam ser\u00e1 la primera publicaci\u00f3n del autor mexicano Juan Villoro en la editorial. La novela narra un fracaso amoroso y las frustraciones de un artista pl\u00e1stico, a trav\u00e9s de la memoria y la nostalgia.<\/p>\n<p>Asimismo, gracias a la invitaci\u00f3n del Ministerio de Cultura de Portugal para ser una de las editoriales que representar\u00e1n a ese pa\u00eds en la Feria del Libro de Guadalajara 2018, Libros del Fuego publica una novela y un poemario de uno de los escritores portugueses m\u00e1s importantes del siglo XX: La confesi\u00f3n de Lucio e Indicios de oro, de M\u00e1rio de S\u00e1-Carneiro.<\/p>\n<p>Finalmente, Boxeando con mis sombras, de Alberto Salcedo Ramos es una recopilaci\u00f3n, ilustrada por Santiago Guevara, de las mejores cr\u00f3nicas de boxeo escritas por este reconocido periodista colombiano que, a lo largo de su carrera, ha visto en el pugilismo una forma de interpretar el mundo. La publicaci\u00f3n cuenta con el apoyo de la Asociaci\u00f3n Mundial de Boxeo y se presentar\u00e1 al p\u00fablico el viernes 14 de septiembre a las 5:00 p. m. en el Sal\u00f3n Humboldt del Jard\u00edn Bot\u00e1nico de Medell\u00edn con la presencia de Salcedo Ramos, Gilberto Jes\u00fas Mendoza y Alfonso Buitrago.<\/p>\n<p>Sobre Libros del Fuego<\/p>\n<p>Libros del Fuego es una editorial fundada en Caracas, Venezuela, en el a\u00f1o 2013 y establecida en Colombia y Chile. Tiene 19 libros en su cat\u00e1logo y apuesta a la proyecci\u00f3n y difusi\u00f3n de los autores latinoamericanos en el mundo.<\/p>\n<p>Libros del Fuego ha ganado diversos premios en el mundo del dise\u00f1o editorial, como el Applied Arts Design Awards (Toronto, 2018) y el Premio Latinoamericano al Dise\u00f1o Editorial, de la Fundaci\u00f3n El Libro (Buenos Aires, 2016). De igual forma, fueron ganadores del Ehrendiplom [Diploma de Honor], \u00bbSch\u00f6nste B\u00fccher aus aller Welt\u00ab [\u00bbLos libros m\u00e1s bellos del mundo\u00ab], Stiftung Buchkunst, (Leipzig, Alemania, 2018).<\/p>\n","protected":false},"excerpt":{"rendered":"<p>Libros del Fuego lanzar\u00e1 este mes cuatro nuevos t\u00edtulos en el marco de la Fiesta del Libro y la Cultura de Medell\u00edn, que se celebrar\u00e1 desde el 7 hasta el 16 de septiembre. Las novedades de Libros del Fuego incluyen: Llamadas de \u00c1msterdam ser\u00e1 la primera publicaci\u00f3n del autor mexicano Juan Villoro en la editorial. [&hellip;]<\/p>\n","protected":false},"author":2,"featured_media":2889,"comment_status":"closed","ping_status":"open","sticky":false,"template":"","format":"standard","meta":[],"categories":[146],"tags":[2097,2099,2100,49,2093,2102,2095,2092,2101,2098,2091,2096,1083,2094,2103,15],"wppr_data":[],"_links":{"self":[{"href":"https:\/\/www.notaoficial.com\/s\/wp-json\/wp\/v2\/posts\/2887"}],"collection":[{"href":"https:\/\/www.notaoficial.com\/s\/wp-json\/wp\/v2\/posts"}],"about":[{"href":"https:\/\/www.notaoficial.com\/s\/wp-json\/wp\/v2\/types\/post"}],"author":[{"embeddable":true,"href":"https:\/\/www.notaoficial.com\/s\/wp-json\/wp\/v2\/users\/2"}],"replies":[{"embeddable":true,"href":"https:\/\/www.notaoficial.com\/s\/wp-json\/wp\/v2\/comments?post=2887"}],"version-history":[{"count":1,"href":"https:\/\/www.notaoficial.com\/s\/wp-json\/wp\/v2\/posts\/2887\/revisions"}],"predecessor-version":[{"id":2890,"href":"https:\/\/www.notaoficial.com\/s\/wp-json\/wp\/v2\/posts\/2887\/revisions\/2890"}],"wp:featuredmedia":[{"embeddable":true,"href":"https:\/\/www.notaoficial.com\/s\/wp-json\/wp\/v2\/media\/2889"}],"wp:attachment":[{"href":"https:\/\/www.notaoficial.com\/s\/wp-json\/wp\/v2\/media?parent=2887"}],"wp:term":[{"taxonomy":"category","embeddable":true,"href":"https:\/\/www.notaoficial.com\/s\/wp-json\/wp\/v2\/categories?post=2887"},{"taxonomy":"post_tag","embeddable":true,"href":"https:\/\/www.notaoficial.com\/s\/wp-json\/wp\/v2\/tags?post=2887"}],"curies":[{"name":"wp","href":"https:\/\/api.w.org\/{rel}","templated":true}]}}