{"id":2903,"date":"2018-09-10T18:39:38","date_gmt":"2018-09-10T22:39:38","guid":{"rendered":"http:\/\/www.notaoficial.com\/s\/?p=2903"},"modified":"2018-09-10T18:39:38","modified_gmt":"2018-09-10T22:39:38","slug":"cuidado-la-monja-viene-por-ti","status":"publish","type":"post","link":"https:\/\/www.notaoficial.com\/s\/2018\/09\/10\/cuidado-la-monja-viene-por-ti\/","title":{"rendered":"\u00a1Cuidado! \u201cLa Monja\u201d viene por ti"},"content":{"rendered":"<p>Es hora de empezar a rezar, este viernes 07 de septiembre \u201cLa Monja\u201d llega a las salas de Cinex. El esperado spin-off de \u201cEl Conjuro\u201d, que es dirigido por Corin Hardy, se centra en la historia de una joven monja de clausura que se quita vida en un alejado convento de Ruman\u00eda, el Vaticano decide mandar al padre Burke (Demi\u00e1n Bichir), un sacerdote con un pasado algo turbio, para investigar el suicidio junto a una novicia (Taissa Famiga) a punto de hacer sus votos.<\/p>\n<p>Durante la investigaci\u00f3n ambos descubren el oscuro secreto que guarda la Orden del convento, arriesgando sus vidas y hasta sus almas, se deber\u00e1n enfrentar a una extra\u00f1a fuerza mal\u00e9fica en forma de monja, convirtiendo el claustro en un campo de batalla entre vivos y muertos.<\/p>\n<p>La magia llega a la cartelera con \u201cLa Princesa Encantada\u201d, la cinta animada basada en el poema de Ruslan and Lyudmila, de Aleksandr Pushkin, nos lleva al reino Bajo las Nueve Monta\u00f1as, donde Rulan, un artista errante sue\u00f1a con convertirse en un caballero, de repente su vida cambia cuando conoce a Mila y se enamora de ella sin sospechar que se trata de la hija del rey.<\/p>\n<p>Sin embargo su felicidad dura muy poco cuando Chernomor, un malvado hechicero rapta a la princesa, ahora Rusla tendr\u00e1 que superar todos los obst\u00e1culos que se interpongan en su camino si desea recuperar al amor de su vida.<\/p>\n<p>\u00a1Vive en Cinex toda la diversi\u00f3n que tenemos preparada para ti! Consulta nuestra cartelera a trav\u00e9s de www.cinex.com.ve s\u00edguenos en las redes sociales como @CinexVe.<\/p>\n","protected":false},"excerpt":{"rendered":"<p>Es hora de empezar a rezar, este viernes 07 de septiembre \u201cLa Monja\u201d llega a las salas de Cinex. El esperado spin-off de \u201cEl Conjuro\u201d, que es dirigido por Corin Hardy, se centra en la historia de una joven monja de clausura que se quita vida en un alejado convento de Ruman\u00eda, el Vaticano decide [&hellip;]<\/p>\n","protected":false},"author":2,"featured_media":2905,"comment_status":"closed","ping_status":"open","sticky":false,"template":"","format":"standard","meta":[],"categories":[258,93,2],"tags":[2137,267,2135,2134,2133,2136],"wppr_data":[],"_links":{"self":[{"href":"https:\/\/www.notaoficial.com\/s\/wp-json\/wp\/v2\/posts\/2903"}],"collection":[{"href":"https:\/\/www.notaoficial.com\/s\/wp-json\/wp\/v2\/posts"}],"about":[{"href":"https:\/\/www.notaoficial.com\/s\/wp-json\/wp\/v2\/types\/post"}],"author":[{"embeddable":true,"href":"https:\/\/www.notaoficial.com\/s\/wp-json\/wp\/v2\/users\/2"}],"replies":[{"embeddable":true,"href":"https:\/\/www.notaoficial.com\/s\/wp-json\/wp\/v2\/comments?post=2903"}],"version-history":[{"count":1,"href":"https:\/\/www.notaoficial.com\/s\/wp-json\/wp\/v2\/posts\/2903\/revisions"}],"predecessor-version":[{"id":2906,"href":"https:\/\/www.notaoficial.com\/s\/wp-json\/wp\/v2\/posts\/2903\/revisions\/2906"}],"wp:featuredmedia":[{"embeddable":true,"href":"https:\/\/www.notaoficial.com\/s\/wp-json\/wp\/v2\/media\/2905"}],"wp:attachment":[{"href":"https:\/\/www.notaoficial.com\/s\/wp-json\/wp\/v2\/media?parent=2903"}],"wp:term":[{"taxonomy":"category","embeddable":true,"href":"https:\/\/www.notaoficial.com\/s\/wp-json\/wp\/v2\/categories?post=2903"},{"taxonomy":"post_tag","embeddable":true,"href":"https:\/\/www.notaoficial.com\/s\/wp-json\/wp\/v2\/tags?post=2903"}],"curies":[{"name":"wp","href":"https:\/\/api.w.org\/{rel}","templated":true}]}}