{"id":2916,"date":"2018-09-10T22:40:37","date_gmt":"2018-09-11T02:40:37","guid":{"rendered":"http:\/\/www.notaoficial.com\/s\/?p=2916"},"modified":"2018-09-10T19:38:37","modified_gmt":"2018-09-10T23:38:37","slug":"mas-de-3-mil-personas-beneficiadas-por-la-labor-social-de-coposa","status":"publish","type":"post","link":"https:\/\/www.notaoficial.com\/s\/2018\/09\/10\/mas-de-3-mil-personas-beneficiadas-por-la-labor-social-de-coposa\/","title":{"rendered":"M\u00e1s de 3 mil personas beneficiadas por la labor social de Coposa"},"content":{"rendered":"<p>Con el fin de contribuir a mejorar la calidad de vida de las comunidades donde ejerce influencia, Coposa ha venido desplegando una intensa labor social a lo largo de estos 9 meses del a\u00f1o, beneficiando a m\u00e1s de 3.000 personas, de forma directa y otras 10 mil, de manera indirecta.<\/p>\n<p>El gerente de Gesti\u00f3n Humana, Jos\u00e9 Avil\u00e9s asever\u00f3 que \u201cla responsabilidad social constituye un tema estrat\u00e9gico para la empresa\u201d, al tiempo que resalt\u00f3 el compromiso recibido por el talento humano, quienes se han sumado en apoyo a la causa social.<\/p>\n<p>Entre las actividades realizadas, \u00a0Avil\u00e9s mencion\u00f3 \u00a0la instalaci\u00f3n de un parque biosaludable en la comunidad \u201c12 de Octubre\u201d de Las Palmas de Araure, en Acarigua, \u00a0el cual benefici\u00f3 a m\u00e1s de 1.000 ni\u00f1os y 800 adultos de esa zona. \u00a0El lugar cuenta con un \u00e1rea destinada a eventos culturales, con aparatos para el disfrute de los infantes y equipos para la pr\u00e1ctica de ejercicios para los adultos.<\/p>\n<p>Siempre en el per\u00edmetro regional, la empresa restaur\u00f3 el Centro Educativo Simoncito Payara,\u00a0 obra que hoy disfrutan cerca de 250 ni\u00f1os en edad preescolar. Los trabajos incluyeron la reparaci\u00f3n de ba\u00f1os, pintura de salones, instalaci\u00f3n de un tanque de agua y la reactivaci\u00f3n de todas las tuber\u00edas de aguas blancas, permitiendo una mejor cobertura de atenci\u00f3n de la comunidad estudiantil.<\/p>\n<p>En Caracas, se realiz\u00f3 un taller de panader\u00eda y pasteler\u00eda para emprendedores en el ramo de la alimentaci\u00f3n, as\u00ed como tambi\u00e9n la III edici\u00f3n de los Chef-Citos, dedicado a impulsar el arte culinario en los ni\u00f1os.<\/p>\n<p>Durante el mes de junio y \u00a0aprovechando la tem\u00e1tica del mundial, \u00a0200 alumnos, entre 6 y 12 a\u00f1os\u00a0 de la escuela b\u00e1sica San Francisco Javier, ubicada en La Pastora, en Caracas, disfrutaron de m\u00faltiples actividades deportivas, las cuales fueron acompa\u00f1adas de un refrigerio y obsequio, por parte de Coposa.<\/p>\n<p>Sum\u00f3 a la iniciativa social, la visita a la Casa Hogar Al\u00ed Primera de Acarigua, \u00a0la cual alberga a\u00a0 ni\u00f1os, desde 6 meses hasta los 12 a\u00f1os, desvinculados de su medio familiar por haber sido v\u00edctimas de abuso, amenaza o violaci\u00f3n de sus derechos en situaci\u00f3n de abandono. En compa\u00f1\u00eda de los trabajadores de Coposa, \u00a0los peque\u00f1os\u00a0 disfrutaron de una ma\u00f1ana diferente con\u00a0 pinta caritas, baile y globo- man\u00eda, adem\u00e1s de compartir un sustancioso desayuno.<\/p>\n<p>M\u00e1s tarde, toc\u00f3 el turno a la \u00a0Fundaci\u00f3n Ra\u00fal Alfredo Silva, Amigos Contra el C\u00e1ncer, que atiende a ni\u00f1os con esa enfermedad. \u201cLos ayudamos con medicinas y hospedaje para algunas de las familias que no cuentan con recursos. As\u00ed mismo, \u00a0en Caracas, promovimos una visita en la Fundaci\u00f3n Amigo del Ni\u00f1o con C\u00e1ncer\u201d, acot\u00f3 Aviles.<\/p>\n<p><strong>Puertas adentro<\/strong><\/p>\n<p>El talento humano es fundamental para Coposa; de all\u00ed que sigue apostando a la formaci\u00f3n y crecimiento de sus trabajadores para fomentar el compromiso rec\u00edproco;\u00a0 adem\u00e1s\u00a0 de ser parte del acompa\u00f1amiento, en cuanto al apoyo en la adquisici\u00f3n de productos de la cesta alimenticia de los colaboradores y su familia.<\/p>\n<p>Entre las diversas actividades realizadas figuran, el reconocimiento a los empleados con permanencia entre 5 a 35 a\u00f1os de servicio; a nivel deportivo, la participaci\u00f3n en distintas disciplinas, de 300 trabajadores, en los Juegos Interdepartamentales.<\/p>\n<p>En materia cultural y de esparcimiento, result\u00f3 un \u00e9xito las visitas guiadas para hijos de los trabajadores al Museo de Arte Acarigua Araure, en las que asistieron 120 ni\u00f1os; adem\u00e1s del concurrido plan vacacional, con 200 asistentes.<\/p>\n<p>Finalmente y, al referirse a las acciones\u00a0 que desarrolla la empresa, Antonio Rodriguez, presidente de la empresa se\u00f1al\u00f3 \u201cla responsabilidad social empresarial representa una tem\u00e1tica actual dentro del \u00e1mbito organizacional y acad\u00e9mico del pa\u00eds. Integra los valores, las creencias y las actitudes que asumen los actores que hacen vida dentro de las organizaciones, cuando est\u00e1n conscientes sobre el valor social que pueden generar en sus comunidades\u201d, concluy\u00f3.<\/p>\n","protected":false},"excerpt":{"rendered":"<p>Con el fin de contribuir a mejorar la calidad de vida de las comunidades donde ejerce influencia, Coposa ha venido desplegando una intensa labor social a lo largo de estos 9 meses del a\u00f1o, beneficiando a m\u00e1s de 3.000 personas, de forma directa y otras 10 mil, de manera indirecta. El gerente de Gesti\u00f3n Humana, [&hellip;]<\/p>\n","protected":false},"author":2,"featured_media":2917,"comment_status":"closed","ping_status":"open","sticky":false,"template":"","format":"standard","meta":[],"categories":[1372,93,2],"tags":[952,49,2166,2167,951,949,2169,2165,2170,2168],"wppr_data":[],"_links":{"self":[{"href":"https:\/\/www.notaoficial.com\/s\/wp-json\/wp\/v2\/posts\/2916"}],"collection":[{"href":"https:\/\/www.notaoficial.com\/s\/wp-json\/wp\/v2\/posts"}],"about":[{"href":"https:\/\/www.notaoficial.com\/s\/wp-json\/wp\/v2\/types\/post"}],"author":[{"embeddable":true,"href":"https:\/\/www.notaoficial.com\/s\/wp-json\/wp\/v2\/users\/2"}],"replies":[{"embeddable":true,"href":"https:\/\/www.notaoficial.com\/s\/wp-json\/wp\/v2\/comments?post=2916"}],"version-history":[{"count":1,"href":"https:\/\/www.notaoficial.com\/s\/wp-json\/wp\/v2\/posts\/2916\/revisions"}],"predecessor-version":[{"id":2918,"href":"https:\/\/www.notaoficial.com\/s\/wp-json\/wp\/v2\/posts\/2916\/revisions\/2918"}],"wp:featuredmedia":[{"embeddable":true,"href":"https:\/\/www.notaoficial.com\/s\/wp-json\/wp\/v2\/media\/2917"}],"wp:attachment":[{"href":"https:\/\/www.notaoficial.com\/s\/wp-json\/wp\/v2\/media?parent=2916"}],"wp:term":[{"taxonomy":"category","embeddable":true,"href":"https:\/\/www.notaoficial.com\/s\/wp-json\/wp\/v2\/categories?post=2916"},{"taxonomy":"post_tag","embeddable":true,"href":"https:\/\/www.notaoficial.com\/s\/wp-json\/wp\/v2\/tags?post=2916"}],"curies":[{"name":"wp","href":"https:\/\/api.w.org\/{rel}","templated":true}]}}