{"id":2925,"date":"2018-09-11T19:46:47","date_gmt":"2018-09-11T23:46:47","guid":{"rendered":"http:\/\/www.notaoficial.com\/s\/?p=2925"},"modified":"2018-09-11T17:57:00","modified_gmt":"2018-09-11T21:57:00","slug":"artistas-emergentes-reflexionan-sobre-el-arte-y-lo-social","status":"publish","type":"post","link":"https:\/\/www.notaoficial.com\/s\/2018\/09\/11\/artistas-emergentes-reflexionan-sobre-el-arte-y-lo-social\/","title":{"rendered":"Artistas emergentes reflexionan sobre el arte y lo social"},"content":{"rendered":"<p>El Centro Cultural BOD, en alianza con el Goethe-Institut Venezuela, inaugur\u00f3 la muestra <strong><em>Arte y Sociedad. J\u00f3venes creadores venezolanos<\/em><\/strong> que, hasta el 04 de noviembre, se exhibir\u00e1 en los espacios expositivos de la instituci\u00f3n ubicada en La Castellana.<\/p>\n<p>Esta exposici\u00f3n busca la visi\u00f3n del arte m\u00e1s joven, y est\u00e1 enmarcada dentro de la programaci\u00f3n conmemorativa del\u00a0 bicentenario del nacimiento de Karl Marx, por lo que la reflexi\u00f3n de lo social est\u00e1 presente en las obras seleccionadas, as\u00ed como la confirmaci\u00f3n que el arte no es un mero s\u00edmbolo sino un objeto real que es significativo para la vida de los grupos sociales.<\/p>\n<p>La muestra est\u00e1 integrada por las 26 propuestas seleccionadas, de artistas de residentes en Maracaibo, M\u00e9rida, Barquisimeto, Carora, Lecher\u00edas, Valencia, San Antonio de Los Altos, Carrizales, La Guaira y Caracas, dentro de m\u00e1s de cien proyectos recibidos de todo el pa\u00eds. Ambas organizaciones realizaron esta convocatoria nacional, dirigida a artistas entre 25 y 40 a\u00f1os, con el prop\u00f3sito de estimular la reflexi\u00f3n en torno al rol del arte en la sociedad contempor\u00e1nea a nivel local, nacional o global.<\/p>\n<p><strong>Veredicto<\/strong><\/p>\n<p>El jurado de selecci\u00f3n y calificaci\u00f3n de la convocatoria \u00a0organizada por el Goethe Institut y el Centro Cultural BOD, otorg\u00f3 de manera un\u00e1nime el <em>Premio Goethe Institut Caracas. Artista Emergente<\/em> a <strong>Dianora P\u00e9rez<\/strong> por <em>La Carbonera<\/em>,\u00a0obra que reivindica las po\u00e9ticas de archivo, de la memoria, del documento y que \u00abresume pl\u00e1sticamente un sostenido trabajo de investigaci\u00f3n y documentaci\u00f3n sobre hechos de violencia de repercusi\u00f3n e impacto nacional\u00bb.<\/p>\n<p>La artista construye y formaliza un discurso a partir de materiales y recursos que traducen, eficaz y simb\u00f3licamente, cada uno de los casos que documenta. El uso del lenguaje Braille como instrumento de problematizaci\u00f3n de lo visible e invisible articula, sintetiza y revela sutil pero contundentemente la historia de la violencia local.<br \/>\nComo parte del premio,\u00a0 P\u00e9rez disfrutar\u00e1 de un viaje a la ciudad de Berl\u00edn donde visitar\u00e1centros de arte, museos.<\/p>\n<p>El jurado tambi\u00e9n acord\u00f3 otorgar cinco menciones como parte del <em>Premio BOD<\/em>. Estos creadores desarrollar\u00e1n un cuerpo de trabajo para participar en una exposici\u00f3n colectiva en el a\u00f1o 2020 en los espacios del Centro Cultural BOD.<\/p>\n<p>As\u00ed, se reconoci\u00f3 el trabajo\u00a0<strong>Manuel Eduardo Gonz\u00e1lez<\/strong> y su obra <em>Qu\u00e9 recuerdos de Venezuela<\/em>., artista que se vale del collage para desarrollar una reflexi\u00f3n sostenida sobre el paisaje y diversos \u00edconos de significaci\u00f3n para la historia del arte venezolano.<\/p>\n<p><strong>Luis Garc\u00eda\u00a0<\/strong>con su <em>Mototrayecta, <\/em>pieza<em>\u00a0<\/em>sarc\u00e1stica y l\u00fadica que en tiempos de crisis posee un doble sentido utilitario: traslada y defiende al ciudadano.<em>Ciudad ensamblada<\/em>, de <strong>Gabriel P\u00e9rez,\u00a0<\/strong>expresa la fragmentaci\u00f3n, el caos y la violencia de la ciudad a partir de un conjunto de planchas de xilograf\u00eda que se ensamblan, se superponen, se atropellan. Bajo las mismas preocupaciones discursivas,\u00a0\u00a0<em>Naturaleza inventada<\/em> de <strong>Juan Gonz\u00e1lez Bol\u00edvar<\/strong>\u00a0recrea a trav\u00e9s del oficio de la pintura y de la precariedad de los materiales encontrados, la fragilidad de una ciudad a en tiempos de crisis.<\/p>\n<p>Por su parte\u00a0<strong>George Lavarca<\/strong> y sus tramas tituladas <em>Identidad<\/em>, logran emular la tradici\u00f3n del tejido manual de comunidades ind\u00edgenas para urdir unas piezas contempor\u00e1neas que hunden sus ra\u00edces en la historia del arte venezolano.<\/p>\n<p>De acuerdo con Milagro Gonz\u00e1lez, directora ejecutiva del Centro Cultural BOD,\u00a0<strong><em>Arte y Sociedad<\/em><\/strong> representa la posibilidad de \u00abcontinuar brindando espacios para el disfrute y la reflexi\u00f3n a partir del arte. En esta ocasi\u00f3n, junto al Goethe-Institut Venezuela, instituci\u00f3n con la que compartimos fines y objetivos en favor de la proyecci\u00f3n del talento venezolano\u00bb.<\/p>\n<p><strong>Programaci\u00f3n paralela<\/strong><\/p>\n<p><strong><em>Arte y Sociedad. J\u00f3venes creadores venezolanos<\/em><\/strong> estar\u00e1 acompa\u00f1ada por una serie de actividades paralelas, que iniciaron\u00a0con <em>Tropic<\/em>, performance del dise\u00f1ador Max Peppe\u00a0organizado por Maximiliano Rivas, en el marco de la inauguraci\u00f3n de la muestra.<\/p>\n<p>Tambi\u00e9n podr\u00e1 disfrutarse de dos excelentes piezas del teatro alem\u00e1n, <em>Testosterona<\/em> y <em>Trozo de Ganso<\/em>, en la Sala PH Oeste del Centro Cultural entre los meses de septiembre y octubre. As\u00ed como de documentales alemanes sobre arte, la \u00faltima semana de septiembre, en la Sala Cabrujas de Cultura Chacao. Adem\u00e1s de visitas guiadas, encuentros y conversatorios con los artistas participantes y destacados cr\u00edticos, curadores e investigadores de arte.<\/p>\n<p>Los detalles de la programaci\u00f3n, as\u00ed como el cat\u00e1logo de la exposici\u00f3n, estar\u00e1n disponibles en la p\u00e1gina web del Goethe-Institut Venezuela (<a href=\"http:\/\/www.goethe.de\/venezuela\" target=\"_blank\" rel=\"noopener\" data-saferedirecturl=\"https:\/\/www.google.com\/url?q=http:\/\/www.goethe.de\/venezuela&amp;source=gmail&amp;ust=1536787919941000&amp;usg=AFQjCNEsMKoW-TDHzK8XasRu6VbB0hDM6A\">www.goethe.de\/venezuela<\/a>) y en las redes sociales: @cculturalbod y @goetheccs.<\/p>\n","protected":false},"excerpt":{"rendered":"<p>El Centro Cultural BOD, en alianza con el Goethe-Institut Venezuela, inaugur\u00f3 la muestra Arte y Sociedad. J\u00f3venes creadores venezolanos que, hasta el 04 de noviembre, se exhibir\u00e1 en los espacios expositivos de la instituci\u00f3n ubicada en La Castellana. Esta exposici\u00f3n busca la visi\u00f3n del arte m\u00e1s joven, y est\u00e1 enmarcada dentro de la programaci\u00f3n conmemorativa [&hellip;]<\/p>\n","protected":false},"author":2,"featured_media":2926,"comment_status":"closed","ping_status":"open","sticky":false,"template":"","format":"standard","meta":[],"categories":[463,2],"tags":[379,277,1552,2184,2186,1431,2178,2185,2179,386,2182,2181,2183,2180,294,2187],"wppr_data":[],"_links":{"self":[{"href":"https:\/\/www.notaoficial.com\/s\/wp-json\/wp\/v2\/posts\/2925"}],"collection":[{"href":"https:\/\/www.notaoficial.com\/s\/wp-json\/wp\/v2\/posts"}],"about":[{"href":"https:\/\/www.notaoficial.com\/s\/wp-json\/wp\/v2\/types\/post"}],"author":[{"embeddable":true,"href":"https:\/\/www.notaoficial.com\/s\/wp-json\/wp\/v2\/users\/2"}],"replies":[{"embeddable":true,"href":"https:\/\/www.notaoficial.com\/s\/wp-json\/wp\/v2\/comments?post=2925"}],"version-history":[{"count":1,"href":"https:\/\/www.notaoficial.com\/s\/wp-json\/wp\/v2\/posts\/2925\/revisions"}],"predecessor-version":[{"id":2927,"href":"https:\/\/www.notaoficial.com\/s\/wp-json\/wp\/v2\/posts\/2925\/revisions\/2927"}],"wp:featuredmedia":[{"embeddable":true,"href":"https:\/\/www.notaoficial.com\/s\/wp-json\/wp\/v2\/media\/2926"}],"wp:attachment":[{"href":"https:\/\/www.notaoficial.com\/s\/wp-json\/wp\/v2\/media?parent=2925"}],"wp:term":[{"taxonomy":"category","embeddable":true,"href":"https:\/\/www.notaoficial.com\/s\/wp-json\/wp\/v2\/categories?post=2925"},{"taxonomy":"post_tag","embeddable":true,"href":"https:\/\/www.notaoficial.com\/s\/wp-json\/wp\/v2\/tags?post=2925"}],"curies":[{"name":"wp","href":"https:\/\/api.w.org\/{rel}","templated":true}]}}