{"id":2931,"date":"2018-09-11T23:30:41","date_gmt":"2018-09-12T03:30:41","guid":{"rendered":"http:\/\/www.notaoficial.com\/s\/?p=2931"},"modified":"2018-09-11T18:11:48","modified_gmt":"2018-09-11T22:11:48","slug":"trina-medina-el-artista-tiene-que-merecerse-el-aula-magna","status":"publish","type":"post","link":"https:\/\/www.notaoficial.com\/s\/2018\/09\/11\/trina-medina-el-artista-tiene-que-merecerse-el-aula-magna\/","title":{"rendered":"Trina Medina: \u201cEl artista tiene que merecerse el Aula Magna\u201d"},"content":{"rendered":"<p>Tras dos a\u00f1os y medio al frente de la Direcci\u00f3n de Cultura de la Universidad Central de Venezuela, desde febrero de 2016, el balance para su Directora, Trina Medina es altamente positivo. Los cuatro objetivos que se le plantearon al inicio de su gesti\u00f3n, se han cumplido cabalmente: abrir nuevamente al p\u00fablico el complejo del Aula Magna, crear una oferta cultural para la comunidad universitaria, reactivar la propuesta de la extensi\u00f3n cultural y reorganizar el recurso humano de la Direcci\u00f3n de Cultura de la UCV.<\/p>\n<p>Y es que gracias a Trina Medina y a su equipo al frente de la Direcci\u00f3n de Cultura de la Universidad Central de Venezuela, \u201cveinte personas que parecen quinientas\u201d, el Aula Magna es referencia obligada de la programaci\u00f3n cultural de los fines de semana, para una Caracas \u00e1vida de espect\u00e1culos de calidad. Esta \u201chormiguita an\u00f3nima que trabaja de domingo a domingo\u201d, como se define, gerente y gestora cultural de la \u201cCasa que vence las sombras\u201d, es la cantautora, arreglista y productora musical que volvi\u00f3 a abrir las puertas de la sala de \u201clas nubes flotantes de Calder\u201d a los m\u00e1s renombrados espect\u00e1culos de la movida cultural capitalina.<\/p>\n<p>Su estrategia ha sido la alianza con las orquestas, entre ellas La Sinf\u00f3nica de Venezuela, patrimonio cultural y art\u00edstico de la naci\u00f3n, que se presenta mensualmente gracias a la serie \u201cLo nuestro\u201d, la Gran Mariscal de Ayacucho y la Orquesta de Violas Ricardo Narv\u00e1ez, bajo la premisa de ofrecer una oferta cultural acad\u00e9mica y popular en donde todo el p\u00fablico, especialmente, las familias, se sintieran invitadas a acudir a los espect\u00e1culos, los domingos a las 11 de la ma\u00f1ana, hora clave, para ofrecerles seguridad institucional y privada que les brinda tranquilidad y adem\u00e1s pueden aprovechar para conocer la Universidad Central, tomarle fotograf\u00edas y formar parte de otras actividades que se realizan, porque la UCV no es s\u00f3lo el Aula Magna.<\/p>\n<p>Trina Medina afirma que \u201cel artista tiene que merecerse el Aula Magna. Nuestro objetivo es que se sienta orgulloso y que enaltezca lo que significa presentarse en esta sala que es Patrimonio Cultural de la Humanidad. Como artista y gestor cultural s\u00e9 c\u00f3mo se maneja la oferta. Mi papel ha sido mediar en una comunidad acad\u00e9mica para que todo lo que nos define como venezolanos, nuestras costumbres y cultura tengan cabida, sin restarle majestuosidad al complejo cultural del Aula Magna y a la Universidad Central de Venezuela, como tal\u201d.<\/p>\n<p>Para atraer a los productores, Trina Medina les ofrece, garant\u00edas para que el evento se pueda realizar sin ning\u00fan contratiempo. Tambi\u00e9n propone que algunos espect\u00e1culos se lleven a cabo bajo la figura de copatrocinio con una f\u00f3rmula de beneficios mutuos, donde la entrada sea a precios solidarios y la ganancia que genere la Direcci\u00f3n de Cultura de la UCV sirva para mantener su operatividad.<\/p>\n<p>Su mayor satisfacci\u00f3n: llenar completamente el Aula Magna, sin que cupiera ni un alfiler- dice Trina Medina- con presentaciones como el \u201cConcierto Navide\u00f1o\u201d,con la OSV, el Orfe\u00f3n Universitario patrimonio art\u00edstico y cultural de la naci\u00f3n, la estudiantina Universitaria y Los Vasallos de Venezuela; \u201cBillos Sinf\u00f3nico\u201d, con la OSV y la Orquesta Billo\u2019s, que convirti\u00f3 el Aula Magna en una gran pista de baile a lo cual no se estaba acostumbrado; el concierto \u201cAquellos Cuatro\u201d en homenaje a Los Beatles con la OSV y excelentes solistas del g\u00e9nero; \u201cViajando por Venezuela\u201d, con la Orquesta Gran Mariscal de Ayacucho\u201d y la presentaci\u00f3n conjuntamente con la Embajada de Portugal, del \u201cFado de Coimbra Sinf\u00f3nico\u201d.<\/p>\n<p>La gesti\u00f3n y sus logros<\/p>\n<p>A su llegada a la Direcci\u00f3n de Cultura de la UCV, esta gerente se top\u00f3 con su mayor reto: \u201cencontrarme con una infraestructura que no estaba apta para recibir espect\u00e1culos multitudinarios. Estaba da\u00f1ado el equipo del aire acondicionado del Aula Magna, que tiene m\u00e1s de sesenta a\u00f1os y es el \u00fanico que funciona en Latinoam\u00e9rica. Actualmente, se convirti\u00f3 en una pieza de museo. En este momento se est\u00e1 haciendo mantenimiento a las instalaciones del Aula Magna, reemplazo de puertas de acceso y a un Chiller alterno que se hab\u00eda colocado para proporcionar refrigeraci\u00f3n al edificio de la Biblioteca Central y que correspond\u00eda a un proyecto que deb\u00eda abarcar hasta el Paraninfo, pero no se pudo por la falta de presupuesto, sin embargo, afortunadamente s\u00ed lleg\u00f3 hasta el Aula Magna, gracias a la ayuda del Rectorado, quien ha tomado estas reparaciones mayores como un objetivo primordial para la preservaci\u00f3n del patrimonio. Tenemos dentro del complejo la Sala de Conciertos y gracias a dos Chillers que nos don\u00f3 la Embajada de Estados Unidos, uno de ellos servir\u00e1 para esta sala, pero falta presupuesto para su instalaci\u00f3n\u201d.<\/p>\n<p>Otras dificultades por las que ha atravesado, son la crisis econ\u00f3mica y el problema pol\u00edtico del pa\u00eds que detona el paro de los trabajadores. El personal t\u00e9cnico contractualmente no debe trabajar los fines de semana. Se requer\u00edan cambios. Hasta los sindicatos comprendieron que ten\u00edan que abrirse sin dejar de luchar por sus derechos sindicales. Y sali\u00f3 de ellos mismos, la propuesta 8H, en la que s\u00ed hay quienes trabajan s\u00e1bados y domingos, conjuntamente con el equipo de la Direcci\u00f3n de Cultura que estaba sub-utilizado y ahora laboran todos ad honorem como taquilleros, asistencia al protocolo recibiendo al p\u00fablico que acude, no s\u00f3lo nuestros gu\u00edas estandartes del Complejo Cultural que como consecuencia de la di\u00e1spora ahora son insuficientes, sino todo el equipo de la Direcci\u00f3n de Cultura est\u00e1 permanentemente trabajando dando la cara durante los espect\u00e1culos. Trina los incentiv\u00f3, acudiendo con ellos a un Diplomado de Patrimonio Cultural donde la totalidad de los proyectos revisados se llegar\u00e1n a implementar.<\/p>\n<p>En cuanto a la oferta de extensi\u00f3n acad\u00e9mica, se logr\u00f3 reactivar despu\u00e9s de 12 a\u00f1os inactiva. Ya est\u00e1 en su tercera edici\u00f3n el Diplomado de Grabaci\u00f3n, Mezcla y Mastering de Audio para asistentes de ingenier\u00eda de sonido. El Diplomado de Actuaci\u00f3n va en su segunda edici\u00f3n. El Curso de Lectura Musical en sus niveles b\u00e1sico, medio y avanzado, donde se logra en seis meses lo que normalmente se ense\u00f1a en 5 a\u00f1os y es dirigido a m\u00fasicos de todas las edades e igualmente, para el pr\u00f3ximo semestre se abrir\u00e1 el Diplomado de Preproducci\u00f3n y Postproducci\u00f3n para Cine y TV, avalados todos por la Direcci\u00f3n de Extensi\u00f3n Universitaria. A ello, se le suman las clases de guitarra, cuatro y percusi\u00f3n en los salones adyacentes a la Direcci\u00f3n de Cultura y las actividades de formaci\u00f3n de las agrupaciones adscritas a la Direcci\u00f3n: Teatro y T\u00edteres Cantalicio con video conferencias nacionales e internacionales y los talleres acreditados por la Escuela de Artes de la Facultad de Humanidades, Teatro Para Ni\u00f1os El Chich\u00f3n y sus talleres permanentes para ni\u00f1os y adolescentes, Taller de Danza Contempor\u00e1nea Pisorrojo, Teatro Universitario TU, La Trapatiesta, Coro de Conciertos, La Estudiantina Universitaria, El Orfe\u00f3n Universitario y Juventudes Culturales. La din\u00e1mica cultural ha sido tal, que por primera vez en la UCV hasta el Mundial de F\u00fatbol se transmiti\u00f3 en la Plaza Cubierta y en el \u00e1rea de la piscina gracias a un convenio con el Rectorado y Direct TV, y el patrocinio de la Embajada de Espa\u00f1a, bajo la conducci\u00f3n de la Direcci\u00f3n de Cultura y el acompa\u00f1amiento de la Direcci\u00f3n de Deportes.<\/p>\n<p>Por si fuera poco, la Direcci\u00f3n de Cultura decidi\u00f3 rescatar los espacios abiertos de la Universidad y se desarroll\u00f3 un proyecto \u201cArte en todas partes\u201d donde el cine bandera de la Direcci\u00f3n de Cultura, traslad\u00f3 el Cine a la Plaza Cubierta e incluy\u00f3 la cinematograf\u00eda venezolana, china, franc\u00f3fona, uruguaya y por primera vez el primer ciclo de cine de vanguardia y contempor\u00e1neo , con un homenaje a Diego R\u00edsquez, que fue quien inici\u00f3 este gran proyecto de rescate al Cine UCV. A ello, se le suman los intercambios como el realizado con la Embajada de Estados Unidos para la \u00abAgrupaci\u00f3n La Dama\u00bb y la apertura de La Galer\u00eda con un convenio con la Embajada del Reino Unido dedicado a \u00abShakespeare\u00bb y menci\u00f3n aparte merece el apoyo de la Direcci\u00f3n de Cultura para la inauguraci\u00f3n de la Videoteca Margot Benacerraf, gracias a la Fundaci\u00f3n Margot Benacerraf , la Fundaci\u00f3n Andr\u00e9s Bello, el Vicerrectorado Acad\u00e9mico , la Biblioteca Central la Escuela de Artes de la UCV.<\/p>\n<p>La agenda para el \u00faltimo trimestre de 2018<\/p>\n<p>Y los espect\u00e1culos contin\u00faan con una muy atractiva programaci\u00f3n para lo que resta del 2018, empezando en octubre con la Orquesta Sinf\u00f3nica de Venezuela presentando la zarzuela \u201cLa Leyenda del Beso\u201d, seguida por \u201cCarmina Burana\u201d, el 20 y el 21 con la Orquesta Gran Mariscal Ayacucho y el 28, el concierto de la Orquesta Sinf\u00f3nica de Venezuela \u201cViva M\u00e9xico\u201d. Noviembre, celebrar\u00e1 el 75 aniversario del Orfe\u00f3n Universitario con un Concierto para Ni\u00f1os y el Encuentro Nacional de Coros, el 1 y el 4, para seguir el 11 de noviembre presentando \u00abLos 65 a\u00f1os de Canelita Medina\u00bb, con la Orquesta Gran Mariscal de Ayacucho y sus amigos. Un espect\u00e1culo que ser\u00e1 imperdible. Le seguir\u00e1 \u201cVoces de Billo\u2019s\u201d, el 18 producido por Magdalena Fr\u00f3meta y la presentaci\u00f3n de \u201cCanto Negro\u201d el 18 de noviembre con la Banda Marcial de Caracas. El a\u00f1o concluye, el 2 de diciembre con la Segunda Noche de Paladium con el Big Band de la OSV y dedicada a Tito Puente, La Lupe y Celia Cruz, finalmente, el 9 de diciembre con el tradicional Concierto Navide\u00f1o, con la OSV, el Orfe\u00f3n Universitario y La Estudiantina.<\/p>\n<p>Trina Medina se define como una creadora. Est\u00e1 fascinada con su faceta de cantautora, arreglista y productora musical, las tres relacionadas, pero reconoce que no hay muchas gerentes creadoras y \u201clo m\u00e1s importante es la creaci\u00f3n\u201d, que es lo que ocupa todo su tiempo al frente de la Direcci\u00f3n de Cultura de la UCV, \u201cagradecida a todas las personas que acuden a nuestros eventos ya que su presencia alimenta nuestras ganas de trabajar por el pa\u00eds\u201d. Y eso, es exactamente lo que la mantiene: \u201cel amor al pa\u00eds, la esperanza de que la Venezuela que todos queremos est\u00e1 por llegar y que yo desde mi baldosa lo que he hecho es ense\u00f1ar, apasionada porque hago lo que se tiene que hacer\u201d.<\/p>\n","protected":false},"excerpt":{"rendered":"<p>Tras dos a\u00f1os y medio al frente de la Direcci\u00f3n de Cultura de la Universidad Central de Venezuela, desde febrero de 2016, el balance para su Directora, Trina Medina es altamente positivo. Los cuatro objetivos que se le plantearon al inicio de su gesti\u00f3n, se han cumplido cabalmente: abrir nuevamente al p\u00fablico el complejo del [&hellip;]<\/p>\n","protected":false},"author":2,"featured_media":2932,"comment_status":"closed","ping_status":"open","sticky":false,"template":"","format":"standard","meta":[],"categories":[140,2189,2],"tags":[2194,2192,2193,2190,2197,2195,2198,2196,1122,2191,213],"wppr_data":[],"_links":{"self":[{"href":"https:\/\/www.notaoficial.com\/s\/wp-json\/wp\/v2\/posts\/2931"}],"collection":[{"href":"https:\/\/www.notaoficial.com\/s\/wp-json\/wp\/v2\/posts"}],"about":[{"href":"https:\/\/www.notaoficial.com\/s\/wp-json\/wp\/v2\/types\/post"}],"author":[{"embeddable":true,"href":"https:\/\/www.notaoficial.com\/s\/wp-json\/wp\/v2\/users\/2"}],"replies":[{"embeddable":true,"href":"https:\/\/www.notaoficial.com\/s\/wp-json\/wp\/v2\/comments?post=2931"}],"version-history":[{"count":1,"href":"https:\/\/www.notaoficial.com\/s\/wp-json\/wp\/v2\/posts\/2931\/revisions"}],"predecessor-version":[{"id":2933,"href":"https:\/\/www.notaoficial.com\/s\/wp-json\/wp\/v2\/posts\/2931\/revisions\/2933"}],"wp:featuredmedia":[{"embeddable":true,"href":"https:\/\/www.notaoficial.com\/s\/wp-json\/wp\/v2\/media\/2932"}],"wp:attachment":[{"href":"https:\/\/www.notaoficial.com\/s\/wp-json\/wp\/v2\/media?parent=2931"}],"wp:term":[{"taxonomy":"category","embeddable":true,"href":"https:\/\/www.notaoficial.com\/s\/wp-json\/wp\/v2\/categories?post=2931"},{"taxonomy":"post_tag","embeddable":true,"href":"https:\/\/www.notaoficial.com\/s\/wp-json\/wp\/v2\/tags?post=2931"}],"curies":[{"name":"wp","href":"https:\/\/api.w.org\/{rel}","templated":true}]}}