{"id":2955,"date":"2018-09-14T11:49:35","date_gmt":"2018-09-14T15:49:35","guid":{"rendered":"http:\/\/www.notaoficial.com\/s\/?p=2955"},"modified":"2018-09-13T07:52:24","modified_gmt":"2018-09-13T11:52:24","slug":"la-mediateca-como-centro-de-formacion-y-documentacion","status":"publish","type":"post","link":"https:\/\/www.notaoficial.com\/s\/2018\/09\/14\/la-mediateca-como-centro-de-formacion-y-documentacion\/","title":{"rendered":"La Mediateca como centro de formaci\u00f3n y documentaci\u00f3n"},"content":{"rendered":"<p>La Mediateca, es un centro de formaci\u00f3n y documentaci\u00f3n, de la Alianza Francesa donde estudiantes y p\u00fablico en general, pueden acceder a un acervo de conocimientos con m\u00e1s de 10 mil documentos en franc\u00e9s, entre los que destacan documentos audiovisuales e impresos, para estudiar, trabajar o consultar distintas tem\u00e1ticas en franc\u00e9s.<\/p>\n<p>Este espacio cuenta con 250 metros cuadrados de colores c\u00e1lidos, modernidad y valiosos conocimientos, y est\u00e1 ubicado en la Alianza Francesa en Chaca\u00edto y se constituye como un espacio para el estudio y el esparcimiento.<\/p>\n<p>Esta fuente de enriquecimiento cultural, particularmente apreciada por los visitantes, fue fundada hace 18 a\u00f1os y hoy representa una gran oportunidad para promover el profesionalismo e intercambio de valores, en tiempos coyunturales.<\/p>\n<p>Alrededor de 100 personas asisten cada d\u00eda a este recinto, para disfrutar de: acceso a internet, reprograf\u00eda, bibliograf\u00eda biling\u00fce,\u00a0 libre consulta, pr\u00e9stamo y reservaci\u00f3n\u00a0 de documentos. El profesor Carlos Garc\u00eda, director de la Mediateca, \u00a0destac\u00f3 que \u201ctodo tipo de p\u00fablico, sean o no estudiantes, \u00a0puede gozar de estos servicios\u201d.<\/p>\n<p>Entre las colecciones que la conforman se pueden contar m\u00e1s de 10 mil documentos escritos, animados y audiovisuales, que se dividen en: 8.500 libros, 550 comics, 750 CD\u2019s, 815 DVD\u2019s\u00a0 y 26 t\u00edtulos de revista. \u201cCon esto puedes ampliar tu criterio y conocer otra cultura que te ayudar\u00e1 a profesionalizarte a\u00fan m\u00e1s, cualquiera sea tu \u00e1rea laboral\u201d explic\u00f3.<\/p>\n<p>\u201cFrancofon\u00eda, servicios y calidad\u201d, es como define el director este espacio, situado en la avenida Francisco Solano con tercera avenida de Las Delicias, \u00a0y al que las personas pueden acudir de martes a jueves, desde las 8:30 am hasta las 6:00 pm; y viernes y s\u00e1bado, de 8:30 am a 1:30 pm.<\/p>\n<p><strong>\u00bfC\u00f3mo afiliarse?<\/strong><\/p>\n<p>Los interesados en afiliarse s\u00f3lo deben acercarse al instituto franc\u00e9s, llevar una foto tama\u00f1o carnet y llenar una planilla de inscripci\u00f3n. Se recomienda a los estudiantes de la Alianza o cualquier\u00a0 otra instituci\u00f3n universitaria,\u00a0 presentar su carnet para optar por la tarifa de pago especial.<\/p>\n<p>Toda inscripci\u00f3n es v\u00e1lida por un a\u00f1o y se podr\u00e1 disfrutar de todos los servicios mencionados anteriormente, incluyendo el \u201cCulture Theque\u201d, un espacio online para\u00a0 ver\u00a0 pel\u00edculas, v\u00eddeos y comics en esa lengua romance.<\/p>\n<p>\u201cEn la Alianza Francesa estamos a la orden, especialmente de los estudiantes y profesionales venezolanos que deseen ampliar su visi\u00f3n global, personal y profesional\u201d, \u00a0as\u00ed invit\u00f3\u00a0 a formar parte de esta fuente de conocimientos.<\/p>\n<p>Para conocer m\u00e1s detalles sobre los eventos y muchos m\u00e1s de la Semana de Francia, puede ingresar a la p\u00e1gina oficial de la Alianza Francesa\u00a0<a href=\"http:\/\/caracas.afvenezuela.org\/\">http:\/\/caracas.afvenezuela.org\/<\/a>.Tambi\u00e9n pueden seguirlos a trav\u00e9s de sus cuentas en Instagram\u00a0<a href=\"https:\/\/www.instagram.com\/afvenezuela\/?hl=es\">@afcaracas<\/a>, Twitter\u00a0<u>@afcaracas<\/u>\u00a0y Facebook\u00a0<a href=\"https:\/\/es-la.facebook.com\/www.caracas.afvenezuela.org\/\">Alianza Francesa Venezuela<\/a><\/p>\n","protected":false},"excerpt":{"rendered":"<p>La Mediateca, es un centro de formaci\u00f3n y documentaci\u00f3n, de la Alianza Francesa donde estudiantes y p\u00fablico en general, pueden acceder a un acervo de conocimientos con m\u00e1s de 10 mil documentos en franc\u00e9s, entre los que destacan documentos audiovisuales e impresos, para estudiar, trabajar o consultar distintas tem\u00e1ticas en franc\u00e9s. Este espacio cuenta con [&hellip;]<\/p>\n","protected":false},"author":2,"featured_media":2956,"comment_status":"closed","ping_status":"open","sticky":false,"template":"","format":"standard","meta":[],"categories":[860,140,2],"tags":[861,2139,919,2140,2138],"wppr_data":[],"_links":{"self":[{"href":"https:\/\/www.notaoficial.com\/s\/wp-json\/wp\/v2\/posts\/2955"}],"collection":[{"href":"https:\/\/www.notaoficial.com\/s\/wp-json\/wp\/v2\/posts"}],"about":[{"href":"https:\/\/www.notaoficial.com\/s\/wp-json\/wp\/v2\/types\/post"}],"author":[{"embeddable":true,"href":"https:\/\/www.notaoficial.com\/s\/wp-json\/wp\/v2\/users\/2"}],"replies":[{"embeddable":true,"href":"https:\/\/www.notaoficial.com\/s\/wp-json\/wp\/v2\/comments?post=2955"}],"version-history":[{"count":1,"href":"https:\/\/www.notaoficial.com\/s\/wp-json\/wp\/v2\/posts\/2955\/revisions"}],"predecessor-version":[{"id":2957,"href":"https:\/\/www.notaoficial.com\/s\/wp-json\/wp\/v2\/posts\/2955\/revisions\/2957"}],"wp:featuredmedia":[{"embeddable":true,"href":"https:\/\/www.notaoficial.com\/s\/wp-json\/wp\/v2\/media\/2956"}],"wp:attachment":[{"href":"https:\/\/www.notaoficial.com\/s\/wp-json\/wp\/v2\/media?parent=2955"}],"wp:term":[{"taxonomy":"category","embeddable":true,"href":"https:\/\/www.notaoficial.com\/s\/wp-json\/wp\/v2\/categories?post=2955"},{"taxonomy":"post_tag","embeddable":true,"href":"https:\/\/www.notaoficial.com\/s\/wp-json\/wp\/v2\/tags?post=2955"}],"curies":[{"name":"wp","href":"https:\/\/api.w.org\/{rel}","templated":true}]}}