{"id":2958,"date":"2018-09-14T16:52:38","date_gmt":"2018-09-14T20:52:38","guid":{"rendered":"http:\/\/www.notaoficial.com\/s\/?p=2958"},"modified":"2018-09-13T07:55:22","modified_gmt":"2018-09-13T11:55:22","slug":"cultura-chacao-realiza-arquitour-especial-en-homenaje-al-arquitecto-jan-gorecki","status":"publish","type":"post","link":"https:\/\/www.notaoficial.com\/s\/2018\/09\/14\/cultura-chacao-realiza-arquitour-especial-en-homenaje-al-arquitecto-jan-gorecki\/","title":{"rendered":"Cultura Chacao realiza Arquitour especial en homenaje al arquitecto Jan Gorecki"},"content":{"rendered":"<p>El s\u00e1bado 15 de septiembre de 2018 Cultura Chacao realizar\u00e1 una ruta arquitect\u00f3nica especial a partir de las 9 am, en homenaje al arquitecto de origen ruso Jan Gorecki, como parte de su agenda de <em>Arquitours<\/em> que desarrolla a lo largo del a\u00f1o.<\/p>\n<p>Con la gu\u00eda de arquitectos especialistas en historia de la arquitectura y patrimonio cultural arquitect\u00f3nico, el recorrido en esta ocasi\u00f3n estar\u00e1 centrado en visitar algunos de los edificios realizados por Gorecki, entre los cuales figuran: Los Llanos, El Alba, Los Borges, Orinoco, y Mariscal Sucre, entre otros.<\/p>\n<p>Nacido en 1914 en San Petersburgo, Jan Gorecki viaj\u00f3 a Venezuela en 1951, y desde entonces desarroll\u00f3 una importante carrera en el pa\u00eds, que abarca m\u00e1s de 600 proyectos construidos en tres etapas: 1953-1959. 1960-1969 y 1970-1986, la gran mayor\u00eda en Caracas y el Litoral Central, de los cuales 120 aproximadamente fueron construidos en el Municipio Chacao.<\/p>\n<p>Quienes deseen participar en esta ruta arquitect\u00f3nica especial, deben inscribirse previamente a trav\u00e9s del correo <a href=\"mailto:gerenciatac.cultura@gmail.com\">gerenciatac.cultura@gmail.com<\/a> El costo es de Bs.S 50,00 por persona.<\/p>\n<p>Mayor informaci\u00f3n puede ser solicitada a trav\u00e9s de las cuentas de Twitter: <a href=\"https:\/\/twitter.com\/culturachacao\" data-saferedirecturl=\"https:\/\/www.google.com\/url?q=https:\/\/twitter.com\/culturachacao&amp;source=gmail&amp;ust=1536924342253000&amp;usg=AFQjCNHUhXXrJAmKV18he-21Gnhd2AKsmw\">@culturachacao<\/a> Facebook: <a href=\"https:\/\/www.facebook.com\/culturachacao.org\" data-saferedirecturl=\"https:\/\/www.google.com\/url?q=https:\/\/www.facebook.com\/culturachacao.org&amp;source=gmail&amp;ust=1536924342253000&amp;usg=AFQjCNFhDs-RDlxevsmDNiXaAcqluppfdQ\">culturachacao.org<\/a>\u00a0 Instagram: <a href=\"https:\/\/instagram.com\/culturachacao\/\" data-saferedirecturl=\"https:\/\/www.google.com\/url?q=https:\/\/instagram.com\/culturachacao\/&amp;source=gmail&amp;ust=1536924342253000&amp;usg=AFQjCNEbMEjiNe41pfi1pEmKxxTEMgYvww\">culturachacao<\/a><\/p>\n","protected":false},"excerpt":{"rendered":"<p>El s\u00e1bado 15 de septiembre de 2018 Cultura Chacao realizar\u00e1 una ruta arquitect\u00f3nica especial a partir de las 9 am, en homenaje al arquitecto de origen ruso Jan Gorecki, como parte de su agenda de Arquitours que desarrolla a lo largo del a\u00f1o. Con la gu\u00eda de arquitectos especialistas en historia de la arquitectura y [&hellip;]<\/p>\n","protected":false},"author":2,"featured_media":2960,"comment_status":"closed","ping_status":"open","sticky":false,"template":"","format":"standard","meta":[],"categories":[274,140,2],"tags":[613,277,2284,2282,2285,2283,2287,2286,15],"wppr_data":[],"_links":{"self":[{"href":"https:\/\/www.notaoficial.com\/s\/wp-json\/wp\/v2\/posts\/2958"}],"collection":[{"href":"https:\/\/www.notaoficial.com\/s\/wp-json\/wp\/v2\/posts"}],"about":[{"href":"https:\/\/www.notaoficial.com\/s\/wp-json\/wp\/v2\/types\/post"}],"author":[{"embeddable":true,"href":"https:\/\/www.notaoficial.com\/s\/wp-json\/wp\/v2\/users\/2"}],"replies":[{"embeddable":true,"href":"https:\/\/www.notaoficial.com\/s\/wp-json\/wp\/v2\/comments?post=2958"}],"version-history":[{"count":1,"href":"https:\/\/www.notaoficial.com\/s\/wp-json\/wp\/v2\/posts\/2958\/revisions"}],"predecessor-version":[{"id":2961,"href":"https:\/\/www.notaoficial.com\/s\/wp-json\/wp\/v2\/posts\/2958\/revisions\/2961"}],"wp:featuredmedia":[{"embeddable":true,"href":"https:\/\/www.notaoficial.com\/s\/wp-json\/wp\/v2\/media\/2960"}],"wp:attachment":[{"href":"https:\/\/www.notaoficial.com\/s\/wp-json\/wp\/v2\/media?parent=2958"}],"wp:term":[{"taxonomy":"category","embeddable":true,"href":"https:\/\/www.notaoficial.com\/s\/wp-json\/wp\/v2\/categories?post=2958"},{"taxonomy":"post_tag","embeddable":true,"href":"https:\/\/www.notaoficial.com\/s\/wp-json\/wp\/v2\/tags?post=2958"}],"curies":[{"name":"wp","href":"https:\/\/api.w.org\/{rel}","templated":true}]}}