{"id":2975,"date":"2018-09-17T21:34:14","date_gmt":"2018-09-18T01:34:14","guid":{"rendered":"http:\/\/www.notaoficial.com\/s\/?p=2975"},"modified":"2018-09-17T18:38:15","modified_gmt":"2018-09-17T22:38:15","slug":"shey-llevo-su-musica-a-tierras-internacionales","status":"publish","type":"post","link":"https:\/\/www.notaoficial.com\/s\/2018\/09\/17\/shey-llevo-su-musica-a-tierras-internacionales\/","title":{"rendered":"Shey llev\u00f3 su m\u00fasica a tierras internacionales"},"content":{"rendered":"<p><strong>Shey arranc\u00f3 este mes con muy buen pie.<\/strong> Es que, adem\u00e1s de ser la #1 en el Top 100 de National Report esta semana, <strong>la cantante llev\u00f3, por primera vez, su m\u00fasica a otras tierras.<\/strong><\/p>\n<p>El pasado fin de semana, <strong>Shey se present\u00f3 en Aruba como artista invitada en la inauguraci\u00f3n del club nocturno Long Island Bar &amp; Lounge.<\/strong> \u201cFue una experiencia incre\u00edble. Present\u00e9 los temas en Long Island Bar and Lounge, donde fui invitada con varios meses de anticipaci\u00f3n para poder cantar en la apertura del nuevo local. Eleg\u00ed tres canciones que s\u00e9 que todos se sabr\u00edan y por \u00faltimo mi tema promocional, \u2018D\u00e9jame verte\u2019.\u00a0\u00a0 Las cant\u00e9 y di lo mejor de m\u00ed para poder ganarme al p\u00fablico arube\u00f1o\u201d, comenta.<\/p>\n<p>Esto \u00faltimo, sin duda, lo logr\u00f3. Pues <strong>la cantante sinti\u00f3 como el p\u00fablico disfrut\u00f3 de su show.<\/strong> \u201cLes gusto much\u00edsimo mi trabajo, cosa que me llena de satisfacci\u00f3n, porque no s\u00f3lo me gustar\u00eda llegarle al p\u00fablico venezolano, sino tambi\u00e9n en un futuro internacionalizar mi carrera\u201d, asegura. \u201cVer la receptividad del p\u00fablico presente ese d\u00eda fue incre\u00edble. Porque no s\u00f3lo hab\u00edan locales de la isla, sino tambi\u00e9n muchos europeos y americanos. Eso me hace sentir que con trabajo y dedicaci\u00f3n se puede llegar a muchos\u201d, complementa.<\/p>\n<p>Adem\u00e1s, <strong>cumpli\u00f3 con una\u00a0 gira de medios que la llev\u00f3 a visitar los principales programas de la isla.<\/strong> \u201cEstuvo s\u00faper ch\u00e9vere, las personas en la radio me trataron s\u00faper bien y me recibieron con much\u00edsimo cari\u00f1o. Tambi\u00e9n les ha gustado tanto el tema, que lo han estado poniendo varias veces al d\u00eda all\u00e1 en Aruba, lo cual me hace muy feliz y muy orgullosa de mi trabajo. Hubo bastante receptividad con mi proyecto. Espero volver pronto y darles un show un poco m\u00e1s largo, para poder demostrarles que en Venezuela hay mucho talento para exportar\u201d, expresa la int\u00e9rprete.<\/p>\n<p><strong>Para conocer cada paso profesional de Shey, no dejen de seguirla en sus redes sociales como @sheymusica.<\/strong><\/p>\n","protected":false},"excerpt":{"rendered":"<p>Shey arranc\u00f3 este mes con muy buen pie. Es que, adem\u00e1s de ser la #1 en el Top 100 de National Report esta semana, la cantante llev\u00f3, por primera vez, su m\u00fasica a otras tierras. El pasado fin de semana, Shey se present\u00f3 en Aruba como artista invitada en la inauguraci\u00f3n del club nocturno Long [&hellip;]<\/p>\n","protected":false},"author":2,"featured_media":2976,"comment_status":"closed","ping_status":"open","sticky":false,"template":"","format":"standard","meta":[],"categories":[463,2],"tags":[2230,49,2307,851],"wppr_data":[],"_links":{"self":[{"href":"https:\/\/www.notaoficial.com\/s\/wp-json\/wp\/v2\/posts\/2975"}],"collection":[{"href":"https:\/\/www.notaoficial.com\/s\/wp-json\/wp\/v2\/posts"}],"about":[{"href":"https:\/\/www.notaoficial.com\/s\/wp-json\/wp\/v2\/types\/post"}],"author":[{"embeddable":true,"href":"https:\/\/www.notaoficial.com\/s\/wp-json\/wp\/v2\/users\/2"}],"replies":[{"embeddable":true,"href":"https:\/\/www.notaoficial.com\/s\/wp-json\/wp\/v2\/comments?post=2975"}],"version-history":[{"count":1,"href":"https:\/\/www.notaoficial.com\/s\/wp-json\/wp\/v2\/posts\/2975\/revisions"}],"predecessor-version":[{"id":2977,"href":"https:\/\/www.notaoficial.com\/s\/wp-json\/wp\/v2\/posts\/2975\/revisions\/2977"}],"wp:featuredmedia":[{"embeddable":true,"href":"https:\/\/www.notaoficial.com\/s\/wp-json\/wp\/v2\/media\/2976"}],"wp:attachment":[{"href":"https:\/\/www.notaoficial.com\/s\/wp-json\/wp\/v2\/media?parent=2975"}],"wp:term":[{"taxonomy":"category","embeddable":true,"href":"https:\/\/www.notaoficial.com\/s\/wp-json\/wp\/v2\/categories?post=2975"},{"taxonomy":"post_tag","embeddable":true,"href":"https:\/\/www.notaoficial.com\/s\/wp-json\/wp\/v2\/tags?post=2975"}],"curies":[{"name":"wp","href":"https:\/\/api.w.org\/{rel}","templated":true}]}}