{"id":29837,"date":"2026-08-29T19:58:51","date_gmt":"2026-08-29T23:58:51","guid":{"rendered":"https:\/\/www.notaoficial.com\/s\/?p=29837"},"modified":"2026-09-04T20:04:34","modified_gmt":"2026-09-05T00:04:34","slug":"claro-colombia-y-autoridades-locales-restablecen-conectividad-critica-en-risaralda-tras-el-terremoto","status":"publish","type":"post","link":"https:\/\/www.notaoficial.com\/s\/2026\/08\/29\/claro-colombia-y-autoridades-locales-restablecen-conectividad-critica-en-risaralda-tras-el-terremoto\/","title":{"rendered":"Claro Colombia y autoridades locales restablecen conectividad cr\u00edtica en Risaralda tras el terremoto"},"content":{"rendered":"<p data-path-to-node=\"1\">Por Eduardo Travieso Itriago<\/p>\n<p data-path-to-node=\"1\">En respuesta a la emergencia causada por el terremoto, Claro Colombia despleg\u00f3 infraestructura t\u00e9cnica en trabajo articulado con la Gobernaci\u00f3n de Risaralda, la Alcald\u00eda de Pereira y la Electrificadora de Risaralda. Las labores permitieron conectar de forma gratuita tres centros estrat\u00e9gicos de atenci\u00f3n ciudadana e institucional.<\/p>\n<h3 data-path-to-node=\"3\">Puntos estrat\u00e9gicos conectados con fibra \u00f3ptica<\/h3>\n<p data-path-to-node=\"4\">Las intervenciones t\u00e9cnicas requirieron remover escombros y trabajar sobre infraestructura con da\u00f1os estructurales para habilitar enlaces de alta velocidad sin costo:<\/p>\n<ul>\n<li data-path-to-node=\"5,0,0\"><b data-path-to-node=\"5,0,0\" data-index-in-node=\"0\">Coliseo Menor de Pereira:<\/b> Principal albergue temporal de la ciudad. Se instal\u00f3 una conexi\u00f3n de fibra \u00f3ptica de 900 megas por un per\u00edodo de seis meses para brindar conectividad a las familias damnificadas alojadas en el recinto.<\/li>\n<li data-path-to-node=\"5,1,0\"><b data-path-to-node=\"5,1,0\" data-index-in-node=\"0\">Centro Regulador de Urgencias, Emergencias y Desastres (CRUE):<\/b> Habilitaci\u00f3n de una l\u00ednea de 900 megas para coordinar las operaciones de la Gobernaci\u00f3n de Risaralda, gestionando plataformas de atenci\u00f3n ciudadana, reporte de da\u00f1os y log\u00edstica de ayudas humanitarias.<\/li>\n<li data-path-to-node=\"5,2,0\"><b data-path-to-node=\"5,2,0\" data-index-in-node=\"0\">Sede temporal de la Secretar\u00eda TIC de Pereira (Parque del Caf\u00e9):<\/b> Conexi\u00f3n de 500 megas orientada a mantener operativos los servidores e infraestructura tecnol\u00f3gica de la autoridad municipal.<\/li>\n<\/ul>\n<h3 data-path-to-node=\"7\">Avances en la red y medidas de contingencia<\/h3>\n<p data-path-to-node=\"8\">A trav\u00e9s de estos trabajos de recuperaci\u00f3n operativa en la regi\u00f3n, la empresa report\u00f3 los siguientes avances al 21 de agosto:<\/p>\n<ul>\n<li data-path-to-node=\"9,0,0\"><b data-path-to-node=\"9,0,0\" data-index-in-node=\"0\">Restablecimiento de red m\u00f3vil:<\/b> Recuperaci\u00f3n del 95% de las estaciones base impactadas por el sismo en el departamento de Risaralda.<\/li>\n<li data-path-to-node=\"9,1,0\"><b data-path-to-node=\"9,1,0\" data-index-in-node=\"0\">Respaldo energ\u00e9tico:<\/b> Adquisici\u00f3n e instalaci\u00f3n de plantas de energ\u00eda para mantener la continuidad del servicio telef\u00f3nico y de datos; cinco de estas unidades ya se encuentran operando en zonas prioritarias.<\/li>\n<\/ul>\n<p data-path-to-node=\"11\">Este despliegue coordinado entre el sector privado y las instituciones gubernamentales busca asegurar la operatividad de los organismos de rescate y la administraci\u00f3n p\u00fablica. Al estabilizar la infraestructura de telecomunicaciones en albergues y centros de mando, la compa\u00f1\u00eda busca facilitar la atenci\u00f3n primaria a las v\u00edctimas y acelerar la fase de reconstrucci\u00f3n en el departamento.<\/p>\n<p data-path-to-node=\"11\">Por Eduardo Travieso Itriago<\/p>\n","protected":false},"excerpt":{"rendered":"<p>Por Eduardo Travieso Itriago En respuesta a la emergencia causada por el terremoto, Claro Colombia despleg\u00f3 infraestructura t\u00e9cnica en trabajo articulado con la Gobernaci\u00f3n de Risaralda, la Alcald\u00eda de Pereira y la Electrificadora de Risaralda. Las labores permitieron conectar de forma gratuita tres centros estrat\u00e9gicos de atenci\u00f3n ciudadana e institucional. Puntos estrat\u00e9gicos conectados con fibra [&hellip;]<\/p>\n","protected":false},"author":2,"featured_media":29842,"comment_status":"closed","ping_status":"open","sticky":false,"template":"","format":"standard","meta":[],"categories":[93,146,2],"tags":[9782,10632,10529,9707,15],"wppr_data":{"cwp_meta_box_check":"No"},"_links":{"self":[{"href":"https:\/\/www.notaoficial.com\/s\/wp-json\/wp\/v2\/posts\/29837"}],"collection":[{"href":"https:\/\/www.notaoficial.com\/s\/wp-json\/wp\/v2\/posts"}],"about":[{"href":"https:\/\/www.notaoficial.com\/s\/wp-json\/wp\/v2\/types\/post"}],"author":[{"embeddable":true,"href":"https:\/\/www.notaoficial.com\/s\/wp-json\/wp\/v2\/users\/2"}],"replies":[{"embeddable":true,"href":"https:\/\/www.notaoficial.com\/s\/wp-json\/wp\/v2\/comments?post=29837"}],"version-history":[{"count":1,"href":"https:\/\/www.notaoficial.com\/s\/wp-json\/wp\/v2\/posts\/29837\/revisions"}],"predecessor-version":[{"id":29843,"href":"https:\/\/www.notaoficial.com\/s\/wp-json\/wp\/v2\/posts\/29837\/revisions\/29843"}],"wp:featuredmedia":[{"embeddable":true,"href":"https:\/\/www.notaoficial.com\/s\/wp-json\/wp\/v2\/media\/29842"}],"wp:attachment":[{"href":"https:\/\/www.notaoficial.com\/s\/wp-json\/wp\/v2\/media?parent=29837"}],"wp:term":[{"taxonomy":"category","embeddable":true,"href":"https:\/\/www.notaoficial.com\/s\/wp-json\/wp\/v2\/categories?post=29837"},{"taxonomy":"post_tag","embeddable":true,"href":"https:\/\/www.notaoficial.com\/s\/wp-json\/wp\/v2\/tags?post=29837"}],"curies":[{"name":"wp","href":"https:\/\/api.w.org\/{rel}","templated":true}]}}