{"id":29844,"date":"2026-08-30T20:04:36","date_gmt":"2026-08-31T00:04:36","guid":{"rendered":"https:\/\/www.notaoficial.com\/s\/?p=29844"},"modified":"2026-09-04T20:07:00","modified_gmt":"2026-09-05T00:07:00","slug":"claro-colombia-invierte-123-millones-de-dolares-en-la-expansion-de-sus-centros-de-datos-y-ciberseguridad","status":"publish","type":"post","link":"https:\/\/www.notaoficial.com\/s\/2026\/08\/30\/claro-colombia-invierte-123-millones-de-dolares-en-la-expansion-de-sus-centros-de-datos-y-ciberseguridad\/","title":{"rendered":"Claro Colombia invierte 123 millones de d\u00f3lares en la expansi\u00f3n de sus centros de datos y ciberseguridad"},"content":{"rendered":"<p data-path-to-node=\"1\">En el marco de la Convenci\u00f3n Bancaria de Asobancaria, Claro Colombia anunci\u00f3 la consolidaci\u00f3n de su estrategia para evolucionar de un operador tradicional de telecomunicaciones hacia una compa\u00f1\u00eda de soluciones tecnol\u00f3gicas integrales. La empresa detall\u00f3 un plan de inversi\u00f3n acumulado de 123 millones de d\u00f3lares durante los \u00faltimos cinco a\u00f1os destinado al fortalecimiento de sus data centers Triara (Bogot\u00e1) y Megacenter (Medell\u00edn).<\/p>\n<h3 data-path-to-node=\"3\">Presupuesto asignado para 2026 y desglose operativo<\/h3>\n<p data-path-to-node=\"4\">De la cifra global, la compa\u00f1\u00eda destina <b data-path-to-node=\"4\" data-index-in-node=\"40\">25,5 millones de d\u00f3lares<\/b> para la vigencia 2026, distribuidos de la siguiente manera:<\/p>\n<ul>\n<li data-path-to-node=\"5,0,0\"><b data-path-to-node=\"5,0,0\" data-index-in-node=\"0\">14 millones de d\u00f3lares:<\/b> Ampliaci\u00f3n de capacidad, renovaci\u00f3n de equipos cr\u00edticos y modernizaci\u00f3n de infraestructura f\u00edsica y energ\u00e9tica.<\/li>\n<li data-path-to-node=\"5,1,0\"><b data-path-to-node=\"5,1,0\" data-index-in-node=\"0\">11,5 millones de d\u00f3lares:<\/b> Fortalecimiento de plataformas digitales y servicios avanzados de ciberseguridad.<\/li>\n<\/ul>\n<h3 data-path-to-node=\"7\">Cuota de mercado y m\u00e9tricas de infraestructura<\/h3>\n<p data-path-to-node=\"8\">Claro concentra actualmente cerca del <b data-path-to-node=\"8\" data-index-in-node=\"38\">50% de la capacidad instalada de centros de datos<\/b> en Colombia. Su infraestructura atiende de forma directa a los siguientes sectores del pa\u00eds:<\/p>\n<ul>\n<li data-path-to-node=\"9,0,0\"><b data-path-to-node=\"9,0,0\" data-index-in-node=\"0\">80%<\/b> de las instituciones del sector financiero.<\/li>\n<li data-path-to-node=\"9,1,0\"><b data-path-to-node=\"9,1,0\" data-index-in-node=\"0\">50%<\/b> del segmento corporativo\/empresarial.<\/li>\n<li data-path-to-node=\"9,2,0\"><b data-path-to-node=\"9,2,0\" data-index-in-node=\"0\">30%<\/b> de las entidades del Gobierno Nacional.<\/li>\n<\/ul>\n<p data-path-to-node=\"10\">En cuanto a volumen de operaciones, desde sus instalaciones se administran m\u00e1s de <b data-path-to-node=\"10\" data-index-in-node=\"82\">1.500 racks<\/b>, <b data-path-to-node=\"10\" data-index-in-node=\"95\">14.000 m\u00e1quinas virtuales<\/b> y se procesan mensualmente m\u00e1s de <b data-path-to-node=\"10\" data-index-in-node=\"155\">500.000 eventos de ciberseguridad<\/b>.<\/p>\n<h3 data-path-to-node=\"12\">Adaptaci\u00f3n energ\u00e9tica para inteligencia artificial y anal\u00edtica<\/h3>\n<p data-path-to-node=\"13\">Para responder a la demanda de procesamiento de alto rendimiento y cargas de trabajo en inteligencia artificial (IA), la compa\u00f1\u00eda est\u00e1 adecuando su infraestructura de refrigeraci\u00f3n y respaldo el\u00e9ctrico:<\/p>\n<ul>\n<li data-path-to-node=\"14,0,0\"><b data-path-to-node=\"14,0,0\" data-index-in-node=\"0\">Data Center Triara (Bogot\u00e1):<\/b> Incorporaci\u00f3n de posiciones de alta densidad energ\u00e9tica preparadas para soportar cargas de entre 10 kW y 20 kW por rack.<\/li>\n<li data-path-to-node=\"14,1,0\"><b data-path-to-node=\"14,1,0\" data-index-in-node=\"0\">Megacenter (Medell\u00edn):<\/b> Habilitaci\u00f3n de una nueva sala con capacidad para 100 posiciones de hasta 10 kVA.<\/li>\n<li data-path-to-node=\"14,2,0\"><b data-path-to-node=\"14,2,0\" data-index-in-node=\"0\">Certificaciones internacionales:<\/b> Mantenimiento de la norma ISO 22301:2019 sobre continuidad del negocio en Triara y certificaciones ICREA para ambas instalaciones.<\/li>\n<\/ul>\n<p data-path-to-node=\"16\">Este despliegue de capital busca posicionar a Colombia como un nodo regional para el procesamiento de datos masivos. Al integrar conectividad 5G, redes de fibra \u00f3ptica y capacidad de c\u00f3mputo en la nube con altos est\u00e1ndares energ\u00e9ticos, la compa\u00f1\u00eda apunta a capturar la demanda creciente de empresas y entidades p\u00fablicas que migran sus operaciones hacia entornos de inteligencia artificial.<\/p>\n","protected":false},"excerpt":{"rendered":"<p>En el marco de la Convenci\u00f3n Bancaria de Asobancaria, Claro Colombia anunci\u00f3 la consolidaci\u00f3n de su estrategia para evolucionar de un operador tradicional de telecomunicaciones hacia una compa\u00f1\u00eda de soluciones tecnol\u00f3gicas integrales. La empresa detall\u00f3 un plan de inversi\u00f3n acumulado de 123 millones de d\u00f3lares durante los \u00faltimos cinco a\u00f1os destinado al fortalecimiento de sus [&hellip;]<\/p>\n","protected":false},"author":2,"featured_media":29847,"comment_status":"closed","ping_status":"open","sticky":false,"template":"","format":"standard","meta":[],"categories":[93,146,2],"tags":[9782,10632,10529,9707,15],"wppr_data":{"cwp_meta_box_check":"No"},"_links":{"self":[{"href":"https:\/\/www.notaoficial.com\/s\/wp-json\/wp\/v2\/posts\/29844"}],"collection":[{"href":"https:\/\/www.notaoficial.com\/s\/wp-json\/wp\/v2\/posts"}],"about":[{"href":"https:\/\/www.notaoficial.com\/s\/wp-json\/wp\/v2\/types\/post"}],"author":[{"embeddable":true,"href":"https:\/\/www.notaoficial.com\/s\/wp-json\/wp\/v2\/users\/2"}],"replies":[{"embeddable":true,"href":"https:\/\/www.notaoficial.com\/s\/wp-json\/wp\/v2\/comments?post=29844"}],"version-history":[{"count":1,"href":"https:\/\/www.notaoficial.com\/s\/wp-json\/wp\/v2\/posts\/29844\/revisions"}],"predecessor-version":[{"id":29848,"href":"https:\/\/www.notaoficial.com\/s\/wp-json\/wp\/v2\/posts\/29844\/revisions\/29848"}],"wp:featuredmedia":[{"embeddable":true,"href":"https:\/\/www.notaoficial.com\/s\/wp-json\/wp\/v2\/media\/29847"}],"wp:attachment":[{"href":"https:\/\/www.notaoficial.com\/s\/wp-json\/wp\/v2\/media?parent=29844"}],"wp:term":[{"taxonomy":"category","embeddable":true,"href":"https:\/\/www.notaoficial.com\/s\/wp-json\/wp\/v2\/categories?post=29844"},{"taxonomy":"post_tag","embeddable":true,"href":"https:\/\/www.notaoficial.com\/s\/wp-json\/wp\/v2\/tags?post=29844"}],"curies":[{"name":"wp","href":"https:\/\/api.w.org\/{rel}","templated":true}]}}