{"id":29853,"date":"2026-08-31T20:11:05","date_gmt":"2026-09-01T00:11:05","guid":{"rendered":"https:\/\/www.notaoficial.com\/s\/?p=29853"},"modified":"2026-09-04T20:13:27","modified_gmt":"2026-09-05T00:13:27","slug":"claro-video-presenta-su-catalogo-de-estrenos-para-septiembre-con-cine-series-y-alianzas-con-universal-y-atresplayer","status":"publish","type":"post","link":"https:\/\/www.notaoficial.com\/s\/2026\/08\/31\/claro-video-presenta-su-catalogo-de-estrenos-para-septiembre-con-cine-series-y-alianzas-con-universal-y-atresplayer\/","title":{"rendered":"Claro video presenta su cat\u00e1logo de estrenos para septiembre con cine, series y alianzas con Universal+ y Atresplayer"},"content":{"rendered":"<p data-path-to-node=\"1\">Claro Colombia dio a conocer las novedades cinematogr\u00e1ficas y de entretenimiento que se incorporan a la plataforma Claro video durante el mes de septiembre. La oferta suma largometrajes de suspenso, acci\u00f3n, drama y producciones disponibles sin costo adicional provenientes de las librer\u00edas de Universal+ y Atresplayer.<\/p>\n<h3 data-path-to-node=\"3\">T\u00edtulos destacados de estreno en Claro video<\/h3>\n<p data-path-to-node=\"4\">La plataforma suma cinco producciones cinematogr\u00e1ficas en diferentes g\u00e9neros:<\/p>\n<ul>\n<li data-path-to-node=\"5,0,0\"><b data-path-to-node=\"5,0,0\" data-index-in-node=\"0\">The Invite:<\/b> Un drama centrado en un matrimonio en crisis cuyo encuentro en una cena con sus vecinos del piso superior desencadena una serie de eventos inesperados.<\/li>\n<li data-path-to-node=\"5,1,0\"><b data-path-to-node=\"5,1,0\" data-index-in-node=\"0\">Batman, Knightfall Parte 1: Knightfall:<\/b> Pel\u00edcula basada en el universo del superh\u00e9roe de Ciudad G\u00f3tica, donde el protagonista debe capturar a los villanos escapados del Asilo Arkham mientras enfrenta la amenaza de Bane.<\/li>\n<li data-path-to-node=\"5,2,0\"><b data-path-to-node=\"5,2,0\" data-index-in-node=\"0\">El d\u00eda de la revelaci\u00f3n:<\/b> Producci\u00f3n de ciencia ficci\u00f3n sobre el impacto social e hist\u00f3rico tras confirmarse que la humanidad no est\u00e1 sola en el universo.<\/li>\n<li data-path-to-node=\"5,3,0\"><b data-path-to-node=\"5,3,0\" data-index-in-node=\"0\">La ambici\u00f3n de los Savage:<\/b> S\u00e1tira de \u00e9poca ambientada en la Inglaterra del siglo XVIII que aborda las apariencias y las din\u00e1micas de clase a trav\u00e9s de la recepci\u00f3n organizada por una familia aristocr\u00e1tica.<\/li>\n<li data-path-to-node=\"5,4,0\"><b data-path-to-node=\"5,4,0\" data-index-in-node=\"0\">Ballena Asesina:<\/b> Suspenso psicol\u00f3gico grabado en escenarios de Tailandia, donde dos amigas atrapadas en una laguna enfrentan la amenaza de una orca y la revelaci\u00f3n de un secreto del pasado.<\/li>\n<\/ul>\n<h3 data-path-to-node=\"7\">Contenidos agregados v\u00eda Universal+ y Atresplayer<\/h3>\n<p data-path-to-node=\"8\">A trav\u00e9s de las alianzas de contenido integradas en la aplicaci\u00f3n, se incorporan los siguientes t\u00edtulos:<\/p>\n<ul>\n<li data-path-to-node=\"9,0,0\"><b data-path-to-node=\"9,0,0\" data-index-in-node=\"0\">Warfare (Universal+):<\/b> Drama b\u00e9lico inspirado en hechos reales sobre la convivencia y supervivencia de un pelot\u00f3n estadounidense durante la guerra de Irak.<\/li>\n<li data-path-to-node=\"9,1,0\"><b data-path-to-node=\"9,1,0\" data-index-in-node=\"0\">Wrath of man (Universal+):<\/b> Cinta de acci\u00f3n que sigue a un guardia de seguridad de furgones blindados que esconde un plan de venganza personal.<\/li>\n<li data-path-to-node=\"9,2,0\"><b data-path-to-node=\"9,2,0\" data-index-in-node=\"0\">The witches (Universal+):<\/b> Adaptaci\u00f3n fant\u00e1stica en la que un ni\u00f1o y su abuela descubren un complot de brujas para transformar a la poblaci\u00f3n infantil.<\/li>\n<li data-path-to-node=\"9,3,0\"><b data-path-to-node=\"9,3,0\" data-index-in-node=\"0\">Perdida (Atresplayer):<\/b> Serie de suspenso coproducida entre Espa\u00f1a y Colombia sobre la b\u00fasqueda que emprende un padre tras la desaparici\u00f3n de su hija.<\/li>\n<\/ul>\n<p data-path-to-node=\"11\">El servicio de Claro video se mantiene incluido para los usuarios con planes postpago y servicios de hogar contratados con el operador. Asimismo, los clientes suscritos al paquete Todo Claro disponen de acceso a las transmisiones de televisi\u00f3n en vivo directamente desde sus dispositivos m\u00f3viles.<\/p>\n","protected":false},"excerpt":{"rendered":"<p>Claro Colombia dio a conocer las novedades cinematogr\u00e1ficas y de entretenimiento que se incorporan a la plataforma Claro video durante el mes de septiembre. La oferta suma largometrajes de suspenso, acci\u00f3n, drama y producciones disponibles sin costo adicional provenientes de las librer\u00edas de Universal+ y Atresplayer. T\u00edtulos destacados de estreno en Claro video La plataforma [&hellip;]<\/p>\n","protected":false},"author":2,"featured_media":29856,"comment_status":"closed","ping_status":"open","sticky":false,"template":"","format":"standard","meta":[],"categories":[93,146,2],"tags":[9782,10632,10529,9707,15],"wppr_data":{"cwp_meta_box_check":"No"},"_links":{"self":[{"href":"https:\/\/www.notaoficial.com\/s\/wp-json\/wp\/v2\/posts\/29853"}],"collection":[{"href":"https:\/\/www.notaoficial.com\/s\/wp-json\/wp\/v2\/posts"}],"about":[{"href":"https:\/\/www.notaoficial.com\/s\/wp-json\/wp\/v2\/types\/post"}],"author":[{"embeddable":true,"href":"https:\/\/www.notaoficial.com\/s\/wp-json\/wp\/v2\/users\/2"}],"replies":[{"embeddable":true,"href":"https:\/\/www.notaoficial.com\/s\/wp-json\/wp\/v2\/comments?post=29853"}],"version-history":[{"count":1,"href":"https:\/\/www.notaoficial.com\/s\/wp-json\/wp\/v2\/posts\/29853\/revisions"}],"predecessor-version":[{"id":29857,"href":"https:\/\/www.notaoficial.com\/s\/wp-json\/wp\/v2\/posts\/29853\/revisions\/29857"}],"wp:featuredmedia":[{"embeddable":true,"href":"https:\/\/www.notaoficial.com\/s\/wp-json\/wp\/v2\/media\/29856"}],"wp:attachment":[{"href":"https:\/\/www.notaoficial.com\/s\/wp-json\/wp\/v2\/media?parent=29853"}],"wp:term":[{"taxonomy":"category","embeddable":true,"href":"https:\/\/www.notaoficial.com\/s\/wp-json\/wp\/v2\/categories?post=29853"},{"taxonomy":"post_tag","embeddable":true,"href":"https:\/\/www.notaoficial.com\/s\/wp-json\/wp\/v2\/tags?post=29853"}],"curies":[{"name":"wp","href":"https:\/\/api.w.org\/{rel}","templated":true}]}}