{"id":29855,"date":"2026-08-31T20:11:11","date_gmt":"2026-09-01T00:11:11","guid":{"rendered":"https:\/\/www.notaoficial.com\/s\/?p=29855"},"modified":"2026-09-04T20:20:35","modified_gmt":"2026-09-05T00:20:35","slug":"vodafone-tv-y-amc-global-media-lanzan-el-canal-pop-up-exclusivo-crimenes-en-espana-por-amc-crime","status":"publish","type":"post","link":"https:\/\/www.notaoficial.com\/s\/2026\/08\/31\/vodafone-tv-y-amc-global-media-lanzan-el-canal-pop-up-exclusivo-crimenes-en-espana-por-amc-crime\/","title":{"rendered":"Vodafone TV y AMC Global Media lanzan el canal pop-up exclusivo \u00abCr\u00edmenes en Espa\u00f1a por AMC Crime\u00bb"},"content":{"rendered":"<p>Por Eduardo Travieso Itriago<\/p>\n<p data-path-to-node=\"1\">Vodafone TV anunci\u00f3 la incorporaci\u00f3n a su parrilla de televisi\u00f3n del canal temporal en exclusiva <i data-path-to-node=\"1\" data-index-in-node=\"139\">\u2018Cr\u00edmenes en Espa\u00f1a por AMC CRIME\u2019<\/i>. La se\u00f1al estar\u00e1 disponible para todos sus abonados sin costo adicional durante todo el mes de septiembre, ofreciendo un cat\u00e1logo enfocado en la investigaci\u00f3n period\u00edstica y el an\u00e1lisis de casos judiciales medi\u00e1ticos de la historia reciente de Espa\u00f1a.<\/p>\n<h3 data-path-to-node=\"3\">Detalles de la programaci\u00f3n y se\u00f1al<\/h3>\n<p data-path-to-node=\"4\">El canal tem\u00e1tico se integra en la oferta televisiva de la plataforma bajo las siguientes condiciones de emisi\u00f3n:<\/p>\n<ul>\n<li data-path-to-node=\"5,0,0\"><b data-path-to-node=\"5,0,0\" data-index-in-node=\"0\">Ubicaci\u00f3n y vigencia:<\/b> Transmisi\u00f3n del 1 al 30 de septiembre de 2026 a trav\u00e9s del dial 25 de Vodafone TV.<\/li>\n<li data-path-to-node=\"5,1,0\"><b data-path-to-node=\"5,1,0\" data-index-in-node=\"0\">Volumen de contenidos:<\/b> M\u00e1s de 180 horas de emisi\u00f3n divididas en una selecci\u00f3n de m\u00e1s de 20 t\u00edtulos que incluyen documentales, series y programas de investigaci\u00f3n.<\/li>\n<\/ul>\n<h3 data-path-to-node=\"7\">T\u00edtulos destacados y producciones in\u00e9ditas<\/h3>\n<p data-path-to-node=\"8\">La grilla combina estrenos exclusivos dentro del sello AMC CRIME con producciones de archivo de alta audiencia:<\/p>\n<ul>\n<li data-path-to-node=\"9,0,0\"><b data-path-to-node=\"9,0,0\" data-index-in-node=\"0\">Estrenos sin emitir:<\/b> Docuseries como <i data-path-to-node=\"9,0,0\" data-index-in-node=\"37\">\u2018El asesino de la baraja\u2019<\/i> (an\u00e1lisis de la investigaci\u00f3n policial y cobertura medi\u00e1tica de los cr\u00edmenes de inicios de los 2000), <i data-path-to-node=\"9,0,0\" data-index-in-node=\"165\">\u2018Una historia de cr\u00edmenes\u2019<\/i> (mesas de expertos sobre psicolog\u00eda criminal), <i data-path-to-node=\"9,0,0\" data-index-in-node=\"239\">\u2018Megamix brutal\u2019<\/i> (investigaci\u00f3n sobre los conflictos en la industria musical) y <i data-path-to-node=\"9,0,0\" data-index-in-node=\"319\">\u2018Maje\u2019<\/i> (reconstrucci\u00f3n documental del crimen de Patraix de 2017).<\/li>\n<li data-path-to-node=\"9,1,0\"><b data-path-to-node=\"9,1,0\" data-index-in-node=\"0\">Reemisiones de \u00e9xito:<\/b> T\u00edtulos consolidados como <i data-path-to-node=\"9,1,0\" data-index-in-node=\"48\">\u2018El caso Diana Quer, 500 d\u00edas\u2019<\/i>, <i data-path-to-node=\"9,1,0\" data-index-in-node=\"80\">\u2018Lo que la verdad esconde: El caso Asunta\u2019<\/i>, <i data-path-to-node=\"9,1,0\" data-index-in-node=\"124\">\u2018Angl\u00e9s, historia de una fuga\u2019<\/i> y <i data-path-to-node=\"9,1,0\" data-index-in-node=\"157\">\u2018Bret\u00f3n, la mirada del diablo\u2019<\/i>.<\/li>\n<\/ul>\n<p data-path-to-node=\"11\">Esta propuesta refuerza la estrategia de contenidos tem\u00e1ticos de Vodafone TV al aliarse con AMC Global Media para ofrecer un canal especializado en el g\u00e9nero <i data-path-to-node=\"11\" data-index-in-node=\"158\">true crime<\/i>. Al concentrar investigaciones period\u00edsticas, material de archivo y an\u00e1lisis forenses sobre los sucesos m\u00e1s impactantes del pa\u00eds, la plataforma busca aportar contexto y rigor sobre las implicaciones sociales de estos casos en la sociedad espa\u00f1ola.<\/p>\n<p>Por Eduardo Travieso Itriago<\/p>\n","protected":false},"excerpt":{"rendered":"<p>Por Eduardo Travieso Itriago Vodafone TV anunci\u00f3 la incorporaci\u00f3n a su parrilla de televisi\u00f3n del canal temporal en exclusiva \u2018Cr\u00edmenes en Espa\u00f1a por AMC CRIME\u2019. La se\u00f1al estar\u00e1 disponible para todos sus abonados sin costo adicional durante todo el mes de septiembre, ofreciendo un cat\u00e1logo enfocado en la investigaci\u00f3n period\u00edstica y el an\u00e1lisis de casos [&hellip;]<\/p>\n","protected":false},"author":2,"featured_media":29861,"comment_status":"closed","ping_status":"open","sticky":false,"template":"","format":"standard","meta":[],"categories":[93,146,2],"tags":[9782,10632,10529,9707,15],"wppr_data":{"cwp_meta_box_check":"No"},"_links":{"self":[{"href":"https:\/\/www.notaoficial.com\/s\/wp-json\/wp\/v2\/posts\/29855"}],"collection":[{"href":"https:\/\/www.notaoficial.com\/s\/wp-json\/wp\/v2\/posts"}],"about":[{"href":"https:\/\/www.notaoficial.com\/s\/wp-json\/wp\/v2\/types\/post"}],"author":[{"embeddable":true,"href":"https:\/\/www.notaoficial.com\/s\/wp-json\/wp\/v2\/users\/2"}],"replies":[{"embeddable":true,"href":"https:\/\/www.notaoficial.com\/s\/wp-json\/wp\/v2\/comments?post=29855"}],"version-history":[{"count":1,"href":"https:\/\/www.notaoficial.com\/s\/wp-json\/wp\/v2\/posts\/29855\/revisions"}],"predecessor-version":[{"id":29862,"href":"https:\/\/www.notaoficial.com\/s\/wp-json\/wp\/v2\/posts\/29855\/revisions\/29862"}],"wp:featuredmedia":[{"embeddable":true,"href":"https:\/\/www.notaoficial.com\/s\/wp-json\/wp\/v2\/media\/29861"}],"wp:attachment":[{"href":"https:\/\/www.notaoficial.com\/s\/wp-json\/wp\/v2\/media?parent=29855"}],"wp:term":[{"taxonomy":"category","embeddable":true,"href":"https:\/\/www.notaoficial.com\/s\/wp-json\/wp\/v2\/categories?post=29855"},{"taxonomy":"post_tag","embeddable":true,"href":"https:\/\/www.notaoficial.com\/s\/wp-json\/wp\/v2\/tags?post=29855"}],"curies":[{"name":"wp","href":"https:\/\/api.w.org\/{rel}","templated":true}]}}