{"id":29864,"date":"2026-09-01T20:20:51","date_gmt":"2026-09-02T00:20:51","guid":{"rendered":"https:\/\/www.notaoficial.com\/s\/?p=29864"},"modified":"2026-09-04T20:26:26","modified_gmt":"2026-09-05T00:26:26","slug":"vodafone-reduce-hasta-un-73-sus-reclamaciones-y-consolida-un-giro-en-su-atencion-al-cliente-en-espana","status":"publish","type":"post","link":"https:\/\/www.notaoficial.com\/s\/2026\/09\/01\/vodafone-reduce-hasta-un-73-sus-reclamaciones-y-consolida-un-giro-en-su-atencion-al-cliente-en-espana\/","title":{"rendered":"Vodafone reduce hasta un 73% sus reclamaciones y consolida un giro en su atenci\u00f3n al cliente en Espa\u00f1a"},"content":{"rendered":"<p data-path-to-node=\"1\">Seg\u00fan el m\u00e1s reciente informe publicado por la Oficina de Atenci\u00f3n al Usuario de Telecomunicaciones y Servicios Digitales (dependiente del Ministerio para la Transformaci\u00f3n Digital y de la Funci\u00f3n P\u00fablica), Vodafone Espa\u00f1a registr\u00f3 una reducci\u00f3n sostenida en sus \u00edndices de reclamaciones entre 2022 y 2025, alej\u00e1ndose de las \u00faltimas posiciones del mercado nacional.<\/p>\n<h3 data-path-to-node=\"3\">Reducci\u00f3n de reclamos por categor\u00eda de servicio (2022-2025)<\/h3>\n<p data-path-to-node=\"4\">El estudio, que contabiliza las incidencias formalizadas por cada 10.000 abonados, refleja los siguientes datos en la evoluci\u00f3n de la compa\u00f1\u00eda:<\/p>\n<ul>\n<li data-path-to-node=\"5,0,0\"><b data-path-to-node=\"5,0,0\" data-index-in-node=\"0\">Paquetes convergentes:<\/b> Registraron un descenso del <b data-path-to-node=\"5,0,0\" data-index-in-node=\"51\">73%<\/b> en tres a\u00f1os, pasando de 9,17 reclamos por cada 10.000 usuarios en 2022 a 2,45 en 2025. Durante el \u00faltimo a\u00f1o, el indicador cay\u00f3 un 17% adicional a pesar de que las reclamaciones del sector aumentaron un 29,2% en promedio.<\/li>\n<li data-path-to-node=\"5,1,0\"><b data-path-to-node=\"5,1,0\" data-index-in-node=\"0\">Comunicaciones m\u00f3viles:<\/b> Experimentaron una contracci\u00f3n del <b data-path-to-node=\"5,1,0\" data-index-in-node=\"59\">68%<\/b>, bajando de 2,94 en 2022 a 0,94 en 2025. Este resultado posiciona a la empresa en niveles similares a los de Movistar (1,04) y por debajo de competidores como Orange (1,47) o M\u00e1sM\u00f3vil (1,11).<\/li>\n<li data-path-to-node=\"5,2,0\"><b data-path-to-node=\"5,2,0\" data-index-in-node=\"0\">Comunicaciones fijas:<\/b> Acumularon un descenso del <b data-path-to-node=\"5,2,0\" data-index-in-node=\"49\">54%<\/b>, al pasar de 18,31 en 2022 a 8,36 en 2025, superando levemente la tasa de Movistar (8,45) y marcando distancia frente a operadores como Yoigo (13,26).<\/li>\n<li data-path-to-node=\"5,3,0\"><b data-path-to-node=\"5,3,0\" data-index-in-node=\"0\">Servicio de atenci\u00f3n al usuario:<\/b> Las quejas espec\u00edficas asociadas a la calidad de atenci\u00f3n directa disminuyeron un <b data-path-to-node=\"5,3,0\" data-index-in-node=\"115\">25%<\/b> en 2025, situ\u00e1ndose en 0,099 por cada 10.000 abonados.<\/li>\n<\/ul>\n<p>Este avance en la resoluci\u00f3n de incidencias refleja el impacto directo de la reestructuraci\u00f3n operativa de Vodafone Espa\u00f1a tras cambiar su estrategia de soporte y gesti\u00f3n de red. <span class=\"citation-5 citation-end-5\">Al recortar dr\u00e1sticamente los reclamos en sus productos convergentes y de telefon\u00eda m\u00f3vil, la compa\u00f1\u00eda no solo mejora su posicionamiento en las m\u00e9tricas del Ministerio para la Transformaci\u00f3n Digital, sino que fortalece la retenci\u00f3n de clientes frente a la presi\u00f3n competitiva de otros operadores en el mercado nacional.<\/span><\/p>\n<p data-path-to-node=\"7\">Estos resultados confirman una transformaci\u00f3n en la percepci\u00f3n y calidad operativa de Vodafone Espa\u00f1a dentro del sector de las telecomunicaciones. Aunque la rama de comunicaciones fijas contin\u00faa demandando optimizaci\u00f3n, la reducci\u00f3n acumulada en sus tres l\u00edneas clave aproxima los est\u00e1ndares de la compa\u00f1\u00eda a los promedios de los principales operadores del pa\u00eds.<\/p>\n","protected":false},"excerpt":{"rendered":"<p>Seg\u00fan el m\u00e1s reciente informe publicado por la Oficina de Atenci\u00f3n al Usuario de Telecomunicaciones y Servicios Digitales (dependiente del Ministerio para la Transformaci\u00f3n Digital y de la Funci\u00f3n P\u00fablica), Vodafone Espa\u00f1a registr\u00f3 una reducci\u00f3n sostenida en sus \u00edndices de reclamaciones entre 2022 y 2025, alej\u00e1ndose de las \u00faltimas posiciones del mercado nacional. Reducci\u00f3n de [&hellip;]<\/p>\n","protected":false},"author":2,"featured_media":29868,"comment_status":"closed","ping_status":"open","sticky":false,"template":"","format":"standard","meta":[],"categories":[93,146,2],"tags":[9782,10632,10529,9707,15],"wppr_data":{"cwp_meta_box_check":"No"},"_links":{"self":[{"href":"https:\/\/www.notaoficial.com\/s\/wp-json\/wp\/v2\/posts\/29864"}],"collection":[{"href":"https:\/\/www.notaoficial.com\/s\/wp-json\/wp\/v2\/posts"}],"about":[{"href":"https:\/\/www.notaoficial.com\/s\/wp-json\/wp\/v2\/types\/post"}],"author":[{"embeddable":true,"href":"https:\/\/www.notaoficial.com\/s\/wp-json\/wp\/v2\/users\/2"}],"replies":[{"embeddable":true,"href":"https:\/\/www.notaoficial.com\/s\/wp-json\/wp\/v2\/comments?post=29864"}],"version-history":[{"count":1,"href":"https:\/\/www.notaoficial.com\/s\/wp-json\/wp\/v2\/posts\/29864\/revisions"}],"predecessor-version":[{"id":29869,"href":"https:\/\/www.notaoficial.com\/s\/wp-json\/wp\/v2\/posts\/29864\/revisions\/29869"}],"wp:featuredmedia":[{"embeddable":true,"href":"https:\/\/www.notaoficial.com\/s\/wp-json\/wp\/v2\/media\/29868"}],"wp:attachment":[{"href":"https:\/\/www.notaoficial.com\/s\/wp-json\/wp\/v2\/media?parent=29864"}],"wp:term":[{"taxonomy":"category","embeddable":true,"href":"https:\/\/www.notaoficial.com\/s\/wp-json\/wp\/v2\/categories?post=29864"},{"taxonomy":"post_tag","embeddable":true,"href":"https:\/\/www.notaoficial.com\/s\/wp-json\/wp\/v2\/tags?post=29864"}],"curies":[{"name":"wp","href":"https:\/\/api.w.org\/{rel}","templated":true}]}}