{"id":29872,"date":"2026-09-02T20:28:32","date_gmt":"2026-09-03T00:28:32","guid":{"rendered":"https:\/\/www.notaoficial.com\/s\/?p=29872"},"modified":"2026-09-04T20:29:56","modified_gmt":"2026-09-05T00:29:56","slug":"un-analisis-de-la-liga-destaca-el-valor-de-la-cantera-como-motor-de-exito-deportivo-y-sostenibilidad-economica","status":"publish","type":"post","link":"https:\/\/www.notaoficial.com\/s\/2026\/09\/02\/un-analisis-de-la-liga-destaca-el-valor-de-la-cantera-como-motor-de-exito-deportivo-y-sostenibilidad-economica\/","title":{"rendered":"Un an\u00e1lisis de La Liga destaca el valor de la cantera como motor de \u00e9xito deportivo y sostenibilidad econ\u00f3mica"},"content":{"rendered":"<p data-path-to-node=\"1\">LALIGA public\u00f3 un estudio elaborado por su \u00e1rea de Proyectos de F\u00fatbol en el que eval\u00faa el impacto de la formaci\u00f3n de talento en el rendimiento de los clubes y las selecciones nacionales. El informe correlaciona el Plan Nacional de Canteras con la consecuci\u00f3n del Mundial 2026 y la acumulaci\u00f3n de t\u00edtulos internacionales en la \u00faltima d\u00e9cada.<\/p>\n<h3 data-path-to-node=\"3\">\u00c9xito internacional y representaci\u00f3n en la selecci\u00f3n campeona del mundo<\/h3>\n<p data-path-to-node=\"4\">El estudio sit\u00faa al f\u00fatbol espa\u00f1ol como referente europeo en t\u00edtulos acumulados entre categor\u00edas absolutas e inferiores (masculinas y femeninas) durante los \u00faltimos diez a\u00f1os:<\/p>\n<ul>\n<li data-path-to-node=\"5,0,0\"><b data-path-to-node=\"5,0,0\" data-index-in-node=\"0\">Palmar\u00e9s por pa\u00edses (2016-2026):<\/b> Espa\u00f1a encabeza el registro con 23 t\u00edtulos, seguida por Alemania (9), Inglaterra (7), Francia (6), Portugal (6), Pa\u00edses Bajos (5) e Italia (4).<\/li>\n<li data-path-to-node=\"5,1,0\"><b data-path-to-node=\"5,1,0\" data-index-in-node=\"0\">Convocatoria del Mundial 2026:<\/b> 25 de los 26 futbolistas campeones del mundo se formaron en academias de f\u00fatbol base espa\u00f1olas, con representaci\u00f3n directa de 11 clubes de LALIGA.<\/li>\n<li data-path-to-node=\"5,2,0\"><b data-path-to-node=\"5,2,0\" data-index-in-node=\"0\">Monetizaci\u00f3n e impacto patrimonial:<\/b> Los traspasos de estos jugadores generaron m\u00e1s de 466 millones de euros a sus clubes formadores a lo largo de sus carreras. Asimismo, los nueve campeones del mundo que contin\u00faan en sus clubes de origen representan un valor patrimonial estimado en 545 millones de euros.<\/li>\n<\/ul>\n<h3 data-path-to-node=\"7\">Minutos disputados por canteranos y rendimiento competitivo<\/h3>\n<p data-path-to-node=\"8\">LALIGA lider\u00f3 la temporada 2025\/26 como la competici\u00f3n con mayor porcentaje de minutos jugados por canteranos entre las cinco grandes ligas europeas:<\/p>\n<ul>\n<li data-path-to-node=\"9,0,0\"><b data-path-to-node=\"9,0,0\" data-index-in-node=\"0\">Comparativa europea de minutos de canteranos (2025\/26):<\/b> LALIGA (20,1%), Ligue 1 (16,1%), Bundesliga (11,9%), Premier League (8,3%) y Serie A (7,6%).<\/li>\n<li data-path-to-node=\"9,1,0\"><b data-path-to-node=\"9,1,0\" data-index-in-node=\"0\">Clubes destacados en LALIGA EA SPORTS:<\/b> Athletic Club encabeza el uso de canteranos con el 69,5% de los minutos, seguido por Real Sociedad (55,2%), FC Barcelona (47,5%), RC Celta (43,1%), CA Osasuna (26,1%), Sevilla FC (25,0%), Valencia CF (23,8%) y Real Madrid (23,1%).<\/li>\n<li data-path-to-node=\"9,2,0\"><b data-path-to-node=\"9,2,0\" data-index-in-node=\"0\">Impacto en LALIGA HYPERMOTION:<\/b> Los tres equipos que consiguieron el ascenso directo (M\u00e1laga CF, Real Racing Club y RC Deportivo) registraron un alto uso de canteranos. El M\u00e1laga lider\u00f3 la categor\u00eda con el 57,3% de los minutos disputados y 11 canteranos en plantilla, mientras que el Racing sum\u00f3 un 21,4% (9 canteranos) y el Deportivo un 17,7% (6 canteranos).<\/li>\n<\/ul>\n<h3 data-path-to-node=\"11\">Adaptabilidad t\u00e1ctica y certificaciones de gesti\u00f3n<\/h3>\n<p data-path-to-node=\"12\">El informe analiza la versatilidad de los futbolistas formados en Espa\u00f1a, destacando la transici\u00f3n t\u00e1ctica entre la Eurocopa 2024 (basada en transiciones y juego vertical) y el Mundial 2026 (orientado al juego asociativo y la posesi\u00f3n) con la misma base de jugadores. Para sostener el modelo, la patronal mantendr\u00e1 la certificaci\u00f3n AENOR-LALIGA, la cual eval\u00faa 66 indicadores de calidad en las academias de los clubes en \u00e1reas como infraestructura, carrera dual y protecci\u00f3n al menor.<\/p>\n","protected":false},"excerpt":{"rendered":"<p>LALIGA public\u00f3 un estudio elaborado por su \u00e1rea de Proyectos de F\u00fatbol en el que eval\u00faa el impacto de la formaci\u00f3n de talento en el rendimiento de los clubes y las selecciones nacionales. El informe correlaciona el Plan Nacional de Canteras con la consecuci\u00f3n del Mundial 2026 y la acumulaci\u00f3n de t\u00edtulos internacionales en la [&hellip;]<\/p>\n","protected":false},"author":2,"featured_media":29875,"comment_status":"closed","ping_status":"open","sticky":false,"template":"","format":"standard","meta":[],"categories":[93,146,2],"tags":[9782,10632,10529,9707,15],"wppr_data":{"cwp_meta_box_check":"No"},"_links":{"self":[{"href":"https:\/\/www.notaoficial.com\/s\/wp-json\/wp\/v2\/posts\/29872"}],"collection":[{"href":"https:\/\/www.notaoficial.com\/s\/wp-json\/wp\/v2\/posts"}],"about":[{"href":"https:\/\/www.notaoficial.com\/s\/wp-json\/wp\/v2\/types\/post"}],"author":[{"embeddable":true,"href":"https:\/\/www.notaoficial.com\/s\/wp-json\/wp\/v2\/users\/2"}],"replies":[{"embeddable":true,"href":"https:\/\/www.notaoficial.com\/s\/wp-json\/wp\/v2\/comments?post=29872"}],"version-history":[{"count":1,"href":"https:\/\/www.notaoficial.com\/s\/wp-json\/wp\/v2\/posts\/29872\/revisions"}],"predecessor-version":[{"id":29876,"href":"https:\/\/www.notaoficial.com\/s\/wp-json\/wp\/v2\/posts\/29872\/revisions\/29876"}],"wp:featuredmedia":[{"embeddable":true,"href":"https:\/\/www.notaoficial.com\/s\/wp-json\/wp\/v2\/media\/29875"}],"wp:attachment":[{"href":"https:\/\/www.notaoficial.com\/s\/wp-json\/wp\/v2\/media?parent=29872"}],"wp:term":[{"taxonomy":"category","embeddable":true,"href":"https:\/\/www.notaoficial.com\/s\/wp-json\/wp\/v2\/categories?post=29872"},{"taxonomy":"post_tag","embeddable":true,"href":"https:\/\/www.notaoficial.com\/s\/wp-json\/wp\/v2\/tags?post=29872"}],"curies":[{"name":"wp","href":"https:\/\/api.w.org\/{rel}","templated":true}]}}