{"id":29874,"date":"2026-09-02T20:29:17","date_gmt":"2026-09-03T00:29:17","guid":{"rendered":"https:\/\/www.notaoficial.com\/s\/?p=29874"},"modified":"2026-09-04T20:33:50","modified_gmt":"2026-09-05T00:33:50","slug":"nissan-america-latina-supera-el-millon-de-unidades-vendidas-y-fija-su-meta-en-500-mil-vehiculos-para-el-ano-fiscal-2027","status":"publish","type":"post","link":"https:\/\/www.notaoficial.com\/s\/2026\/09\/02\/nissan-america-latina-supera-el-millon-de-unidades-vendidas-y-fija-su-meta-en-500-mil-vehiculos-para-el-ano-fiscal-2027\/","title":{"rendered":"Nissan Am\u00e9rica Latina supera el mill\u00f3n de unidades vendidas y fija su meta en 500 mil veh\u00edculos para el a\u00f1o fiscal 2027"},"content":{"rendered":"<p data-path-to-node=\"0\">Por Eduardo Travieso Itriago<\/p>\n<p data-path-to-node=\"1\">Nissan Am\u00e9rica Latina anunci\u00f3 haber superado el mill\u00f3n de unidades comercializadas desde la consolidaci\u00f3n de su estructura regional en noviembre de 2023. En el marco de la presentaci\u00f3n de la estrategia <i data-path-to-node=\"1\" data-index-in-node=\"241\">Nissan Vision LATAM<\/i>, la corporaci\u00f3n fij\u00f3 su pr\u00f3ximo objetivo comercial: alcanzar las 500 mil unidades vendidas durante el a\u00f1o fiscal 2027.<\/p>\n<h3 data-path-to-node=\"3\">Peso operativo e indicadores clave de la regi\u00f3n<\/h3>\n<p data-path-to-node=\"4\">La divisi\u00f3n latinoamericana, compuesta por 39 mercados, concentra un peso significativo dentro de la estructura global de la firma japonesa:<\/p>\n<ul>\n<li data-path-to-node=\"5,0,0\"><b data-path-to-node=\"5,0,0\" data-index-in-node=\"0\">Participaci\u00f3n global:<\/b> Representa el <b data-path-to-node=\"5,0,0\" data-index-in-node=\"36\">15% de las ventas globales<\/b> y el <b data-path-to-node=\"5,0,0\" data-index-in-node=\"68\">25% de la producci\u00f3n mundial<\/b> de Nissan.<\/li>\n<li data-path-to-node=\"5,1,0\"><b data-path-to-node=\"5,1,0\" data-index-in-node=\"0\">Resultados del a\u00f1o fiscal 2025 (abril 2025 &#8211; marzo 2026):<\/b> Se registraron m\u00e1s de 427 mil unidades comercializadas, una cuota de mercado acumulada del 7% y un volumen de producci\u00f3n regional superior a las 600 mil unidades.<\/li>\n<li data-path-to-node=\"5,2,0\"><b data-path-to-node=\"5,2,0\" data-index-in-node=\"0\">Origen de la producci\u00f3n:<\/b> El <b data-path-to-node=\"5,2,0\" data-index-in-node=\"28\">87,4%<\/b> de los veh\u00edculos comercializados en la regi\u00f3n fueron fabricados localmente, utilizando a M\u00e9xico y Brasil como nodos centrales de manufactura y exportaci\u00f3n.<\/li>\n<li data-path-to-node=\"5,3,0\"><b data-path-to-node=\"5,3,0\" data-index-in-node=\"0\">Mercados principales:<\/b> M\u00e9xico (l\u00edder en ventas por 18 a\u00f1os consecutivos), Brasil y Argentina concentraron el 85% del volumen de ventas acumulado. Los modelos con mayor demanda incluyeron Nissan Frontier, Nissan Versa y la gama Nissan Kicks.<\/li>\n<\/ul>\n<h3 data-path-to-node=\"7\">Portafolio y electrificaci\u00f3n con tecnolog\u00eda e-POWER<\/h3>\n<p>La estrategia de expansi\u00f3n regional contempla una diversificaci\u00f3n de productos orientada a las condiciones de infraestructura del continente:<\/p>\n<p data-path-to-node=\"9,0,0\"><b data-path-to-node=\"9,0,0\" data-index-in-node=\"0\">Oferta comercial:<\/b> Un cat\u00e1logo compuesto por m\u00e1s de 15 modelos y 105 versiones entre sedanes, SUVs, pickups, veh\u00edculos comerciales y unidades electrificadas.<\/p>\n<p data-path-to-node=\"9,1,0\"><b data-path-to-node=\"9,1,0\" data-index-in-node=\"0\">Adopci\u00f3n de e-POWER:<\/b> La marca acumula m\u00e1s de <b data-path-to-node=\"9,1,0\" data-index-in-node=\"45\">40 mil unidades vendidas<\/b> con la tecnolog\u00eda e-POWER, sistema de conducci\u00f3n electrificada que prescinde de conectores de carga externa.<\/p>\n<ul>\n<li data-path-to-node=\"11\">Este desempe\u00f1o operativo consolida a la regi\u00f3n latinoamericana como una unidad de negocio clave para Nissan Motor Co. Al apalancarse en la capacidad industrial de sus plantas en M\u00e9xico y Brasil, junto con la expansi\u00f3n de tecnolog\u00edas multipropulsi\u00f3n adaptadas a la infraestructura local, la compa\u00f1\u00eda busca asegurar una trayectoria de crecimiento sostenible hacia el cumplimiento de sus objetivos financieros para 2027.<\/li>\n<li data-path-to-node=\"0\">Por Eduardo Travieso Itriago<\/li>\n<li data-path-to-node=\"1\"><\/li>\n<\/ul>\n","protected":false},"excerpt":{"rendered":"<p>Por Eduardo Travieso Itriago Nissan Am\u00e9rica Latina anunci\u00f3 haber superado el mill\u00f3n de unidades comercializadas desde la consolidaci\u00f3n de su estructura regional en noviembre de 2023. En el marco de la presentaci\u00f3n de la estrategia Nissan Vision LATAM, la corporaci\u00f3n fij\u00f3 su pr\u00f3ximo objetivo comercial: alcanzar las 500 mil unidades vendidas durante el a\u00f1o fiscal [&hellip;]<\/p>\n","protected":false},"author":2,"featured_media":29880,"comment_status":"closed","ping_status":"open","sticky":false,"template":"","format":"standard","meta":[],"categories":[93,146,2],"tags":[9782,10632,10529,9707,15],"wppr_data":{"cwp_meta_box_check":"No"},"_links":{"self":[{"href":"https:\/\/www.notaoficial.com\/s\/wp-json\/wp\/v2\/posts\/29874"}],"collection":[{"href":"https:\/\/www.notaoficial.com\/s\/wp-json\/wp\/v2\/posts"}],"about":[{"href":"https:\/\/www.notaoficial.com\/s\/wp-json\/wp\/v2\/types\/post"}],"author":[{"embeddable":true,"href":"https:\/\/www.notaoficial.com\/s\/wp-json\/wp\/v2\/users\/2"}],"replies":[{"embeddable":true,"href":"https:\/\/www.notaoficial.com\/s\/wp-json\/wp\/v2\/comments?post=29874"}],"version-history":[{"count":1,"href":"https:\/\/www.notaoficial.com\/s\/wp-json\/wp\/v2\/posts\/29874\/revisions"}],"predecessor-version":[{"id":29881,"href":"https:\/\/www.notaoficial.com\/s\/wp-json\/wp\/v2\/posts\/29874\/revisions\/29881"}],"wp:featuredmedia":[{"embeddable":true,"href":"https:\/\/www.notaoficial.com\/s\/wp-json\/wp\/v2\/media\/29880"}],"wp:attachment":[{"href":"https:\/\/www.notaoficial.com\/s\/wp-json\/wp\/v2\/media?parent=29874"}],"wp:term":[{"taxonomy":"category","embeddable":true,"href":"https:\/\/www.notaoficial.com\/s\/wp-json\/wp\/v2\/categories?post=29874"},{"taxonomy":"post_tag","embeddable":true,"href":"https:\/\/www.notaoficial.com\/s\/wp-json\/wp\/v2\/tags?post=29874"}],"curies":[{"name":"wp","href":"https:\/\/api.w.org\/{rel}","templated":true}]}}