{"id":2993,"date":"2018-09-18T19:41:39","date_gmt":"2018-09-18T23:41:39","guid":{"rendered":"http:\/\/www.notaoficial.com\/s\/?p=2993"},"modified":"2018-09-17T19:47:56","modified_gmt":"2018-09-17T23:47:56","slug":"la-montserratina-aderezo-olla-parroquial-2","status":"publish","type":"post","link":"https:\/\/www.notaoficial.com\/s\/2018\/09\/18\/la-montserratina-aderezo-olla-parroquial-2\/","title":{"rendered":"La Montserratina aderez\u00f3 \u00abolla parroquial\u00bb"},"content":{"rendered":"<p>Desde hace 14 a\u00f1os la parroquia Mar\u00eda Auxiliadora del Municipio Sucre, se ha encargado de realizar una jornada de alimentaci\u00f3n llamada \u201cla Olla Parroquial\u201d, cada viernes, para alimentar entre 700 y 800 personas de escasos recursos. En esta oportunidad, la actividad se vio aderezada con el sabor de La Montserratina, que prepar\u00f3 una deliciosa parrilla para m\u00e1s de 350 ni\u00f1os.<\/p>\n<p>La iniciativa, tuvo lugar en el Centro Juvenil Don Bosco, donde los infantes pudieron saborear los productos caracter\u00edsticos de la marca, como: morcillas, salchichas y chorizos. Luis Su\u00e1rez, coordinador de Mercadeo de la empresa, destac\u00f3 que, \u201cLa Montserratina no es solo parrilla, en esta oportunidad estamos acompa\u00f1ando nuestros productos con bollitos y como ingredientes de la sopa para demostrar que podemos estar presentes en cualquier ocasi\u00f3n de consumo\u201d<\/p>\n<p>El compromiso con la comunidad y los valores solidarios fueron los principales motores que impulsaron a los Artesanos del Sabor a colaborar con esta noble causa. \u201cReconocemos que la parroquia realiza una labor esencial para nuestra comunidad de Bole\u00edta, por eso queremos ayudarlos. Estos ni\u00f1os \u00a0merecen una infancia digna, alejada de todos esos problemas que encuentran d\u00eda a d\u00eda en la calle\u201d destac\u00f3 Su\u00e1rez.<\/p>\n<p>La acci\u00f3n forma parte del programa de responsabilidad social de la empresa de embutidos, llamado \u201cEl calor que ayuda\u201d, la cual busca apoyar a las comunidades adyacentes y, poco a poco, expandirse para retribuir mucho m\u00e1s a la colectividad.<\/p>\n<p><strong>\u00a0\u00a0\u00a0\u00a0\u00a0\u00a0\u00a0\u00a0\u00a0\u00a0\u00a0 Sabores parrilleros seguir\u00e1n en la olla<\/strong><\/p>\n<p>Ernesto H\u00e9rcules, coordinador de la\u00a0 Olla Parroquial, se\u00f1al\u00f3 que \u201cel objetivo de estas actividades es llevar un mensaje de amor y solidaridad\u00a0 a las personas de bajos recursos, para mermar un poco su\u00a0 situaci\u00f3n de calle\u201d.<\/p>\n<p>Consciente de ello, los Artesanos del Sabor se han sumado a la iniciativa para seguir colaborando con sus exquisitos productos. El pr\u00f3ximo encuentro ser\u00e1\u00a0 en un campamento organizado por el Centro Juvenil Don Bosco, al que\u00a0 asistir\u00e1n\u00a0 400 ni\u00f1os, 25 \u00a0de los cuales ser\u00e1n llevados por la parroquia.<\/p>\n<p>Talleres parrilleros, degustaciones y mucha diversi\u00f3n, ser\u00e1n los aportes de la empresa.\u00a0 \u201cEstamos muy agradecidos con los amigos de la\u00a0 Montserratina, especialmente por la receptividad y amabilidad que han tenido\u201d manifest\u00f3 H\u00e9rcules.<\/p>\n<p>Compromiso, valores solidarios, y exquisitos sabores, son los elementos que destacan\u00a0\u00a0 en esta asociaci\u00f3n.\u00a0 \u201cEn la Montserratina nos sentimos muy felices de colaborar con una labor tan especial, y esperamos seguir haci\u00e9ndolo\u00a0 m\u00e1s adelante\u201d, destac\u00f3 el coordinador de Mercadeo de la empresa.<\/p>\n<p>Para conocer m\u00e1s de las iniciativas y productos La Montserratina, puede visitarlos en su p\u00e1gina web\u00a0<a href=\"http:\/\/www.montserratina.com\">www.montserratina.com<\/a>\u00a0 o en sus redes sociales, Facebook:\u00a0<a href=\"https:\/\/www.facebook.com\/LaMontserratina\/\">https:\/\/www.facebook.com\/LaMontserratina\/<\/a>\u00a0, Twitter e Instagram\u00a0 @LaMontserratina.<\/p>\n","protected":false},"excerpt":{"rendered":"<p>Desde hace 14 a\u00f1os la parroquia Mar\u00eda Auxiliadora del Municipio Sucre, se ha encargado de realizar una jornada de alimentaci\u00f3n llamada \u201cla Olla Parroquial\u201d, cada viernes, para alimentar entre 700 y 800 personas de escasos recursos. En esta oportunidad, la actividad se vio aderezada con el sabor de La Montserratina, que prepar\u00f3 una deliciosa parrilla [&hellip;]<\/p>\n","protected":false},"author":2,"featured_media":2994,"comment_status":"closed","ping_status":"open","sticky":false,"template":"","format":"standard","meta":[],"categories":[1967,2],"tags":[583,2281,579,2328,575,2326,2327,2329],"wppr_data":[],"_links":{"self":[{"href":"https:\/\/www.notaoficial.com\/s\/wp-json\/wp\/v2\/posts\/2993"}],"collection":[{"href":"https:\/\/www.notaoficial.com\/s\/wp-json\/wp\/v2\/posts"}],"about":[{"href":"https:\/\/www.notaoficial.com\/s\/wp-json\/wp\/v2\/types\/post"}],"author":[{"embeddable":true,"href":"https:\/\/www.notaoficial.com\/s\/wp-json\/wp\/v2\/users\/2"}],"replies":[{"embeddable":true,"href":"https:\/\/www.notaoficial.com\/s\/wp-json\/wp\/v2\/comments?post=2993"}],"version-history":[{"count":1,"href":"https:\/\/www.notaoficial.com\/s\/wp-json\/wp\/v2\/posts\/2993\/revisions"}],"predecessor-version":[{"id":2995,"href":"https:\/\/www.notaoficial.com\/s\/wp-json\/wp\/v2\/posts\/2993\/revisions\/2995"}],"wp:featuredmedia":[{"embeddable":true,"href":"https:\/\/www.notaoficial.com\/s\/wp-json\/wp\/v2\/media\/2994"}],"wp:attachment":[{"href":"https:\/\/www.notaoficial.com\/s\/wp-json\/wp\/v2\/media?parent=2993"}],"wp:term":[{"taxonomy":"category","embeddable":true,"href":"https:\/\/www.notaoficial.com\/s\/wp-json\/wp\/v2\/categories?post=2993"},{"taxonomy":"post_tag","embeddable":true,"href":"https:\/\/www.notaoficial.com\/s\/wp-json\/wp\/v2\/tags?post=2993"}],"curies":[{"name":"wp","href":"https:\/\/api.w.org\/{rel}","templated":true}]}}