{"id":3026,"date":"2018-09-24T20:22:32","date_gmt":"2018-09-25T00:22:32","guid":{"rendered":"http:\/\/www.notaoficial.com\/s\/?p=3026"},"modified":"2018-09-24T19:30:07","modified_gmt":"2018-09-24T23:30:07","slug":"exposicion-del-artista-juan-urbina-se-presenta-en-graphicart-a-beneficio-de-senosayuda","status":"publish","type":"post","link":"https:\/\/www.notaoficial.com\/s\/2018\/09\/24\/exposicion-del-artista-juan-urbina-se-presenta-en-graphicart-a-beneficio-de-senosayuda\/","title":{"rendered":"Exposici\u00f3n del artista Juan Urbina  se presenta en Graphicart a beneficio de SenosAyuda"},"content":{"rendered":"<p>La actual propuesta del artista venezolano Juan Urbina, ser\u00e1 exhibida en una exposici\u00f3n que bajo el t\u00edtulo <strong><em>Estructuras y l\u00edneas<\/em> <em>dispersas<\/em><\/strong>, se inaugurar\u00e1 a beneficio de SenosAyuda el domingo 23 de septiembre de 2018 a las 11 am, en la galer\u00eda Graphicart de Las Mercedes, donde permanecer\u00e1 abierta al p\u00fablico hasta el 21 de octubre de octubre.<\/p>\n<p>Luego de transitar por la figuraci\u00f3n a trav\u00e9s del tema circense, y posteriormente por investigaciones en torno al c\u00edrculo desde un \u00e1mbito simb\u00f3lico, Juan Urbina presenta en esta ocasi\u00f3n una muestra de su producci\u00f3n abstracto geom\u00e9trica, la cual inici\u00f3 en 2015, seg\u00fan se desprende del texto de la curadora e investigadora en artes visuales Anny Bello.<\/p>\n<p>A juicio de la curadora, las etapas de creaci\u00f3n y el desarrollo del particular lenguaje art\u00edstico de Urbina, \u201cmantienen una constante en el estudio de la estructura compositiva y de los materiales: de un particular ordenamiento del espacio basado en ret\u00edculas solapadas, de la incorporaci\u00f3n de elementos extra-pict\u00f3ricos que aportan riqueza a la superficie, y en la exploraci\u00f3n de mayores posibilidades perceptivas de la obra\u201d.<\/p>\n<p>De acuerdo al texto de Anny Bello que acompa\u00f1a la muestra, la serie <strong><em>Estructuras y l\u00edneas<\/em> <em>dispersas<\/em><\/strong> est\u00e1 basada en el estudio de las formas geom\u00e9tricas, en especial del tri\u00e1ngulo, a trav\u00e9s de la t\u00e9cnica del collage, y presenta infinitas posibilidades vinculadas a las relaciones figura-l\u00ednea y a las vivencias perceptivas que ofrecen los materiales.<\/p>\n<p>Su dinamismo compositivo surge del ritmo de las figuras en el soporte, que genera una visi\u00f3n de tridimensionalidad, as\u00ed como de las intermitencias en el predominio de las figuras o de las l\u00edneas, que depender\u00e1 del di\u00e1logo entre el cromatismo de ambos elementos. \u201cJustamente esta es una de las singularidades de la propuesta de Urbina, pues en su mayor\u00eda, las obras son monocrom\u00e1ticas. Sin embargo, seg\u00fan la direcci\u00f3n en la que se encuentran las ondulaciones del material y la incidencia de la luz sobre ellas, se logran amplios valores tonales, que en realidad son s\u00f3lo retinianos\u201d.<\/p>\n<p>Con m\u00e1s de dos d\u00e9cadas de trayectoria art\u00edstica, Juan Urbina (Caracas, 1955) ha exhibido su trabajo en colectivas e individuales realizadas en diversas galer\u00edas y museos de Venezuela y otros pa\u00edses. Ha obtenido reconocimientos como el Primer Premio Sal\u00f3n de Pintura del Municipio Aut\u00f3nomo de Sucre (1992) y Menci\u00f3n Especial, Sal\u00f3n de Pintores Petare\u00f1os, Sociedad Maraury (1993). Su obra est\u00e1 representada en colecciones privadas de Europa y Estados Unidos.<\/p>\n<p>La obra de Juan Urbina podr\u00e1 ser apreciada en la exposici\u00f3n <strong><em>Estructuras y l\u00edneas<\/em> <em>dispersas<\/em><\/strong>, que se estar\u00e1 presentando a beneficio de SenosAyuda del 23 de septiembre al 21 de octubre de 2018, en la Galer\u00eda Graphicart, ubicada en la Avenida Veracruz, Edificio La Hacienda, Planta Baja, Las Mercedes, Caracas. El horario es de lunes a viernes de 10 am a 1 pm y de 3 a 6 pm, s\u00e1bados y domingos de 11 am a 2 pm. La entrada es libre.<\/p>\n","protected":false},"excerpt":{"rendered":"<p>La actual propuesta del artista venezolano Juan Urbina, ser\u00e1 exhibida en una exposici\u00f3n que bajo el t\u00edtulo Estructuras y l\u00edneas dispersas, se inaugurar\u00e1 a beneficio de SenosAyuda el domingo 23 de septiembre de 2018 a las 11 am, en la galer\u00eda Graphicart de Las Mercedes, donde permanecer\u00e1 abierta al p\u00fablico hasta el 21 de octubre [&hellip;]<\/p>\n","protected":false},"author":2,"featured_media":3027,"comment_status":"closed","ping_status":"open","sticky":false,"template":"","format":"standard","meta":[],"categories":[126,2399,2],"tags":[2406,49,2400,2405,2401,340,2407,2402,2404,2403],"wppr_data":[],"_links":{"self":[{"href":"https:\/\/www.notaoficial.com\/s\/wp-json\/wp\/v2\/posts\/3026"}],"collection":[{"href":"https:\/\/www.notaoficial.com\/s\/wp-json\/wp\/v2\/posts"}],"about":[{"href":"https:\/\/www.notaoficial.com\/s\/wp-json\/wp\/v2\/types\/post"}],"author":[{"embeddable":true,"href":"https:\/\/www.notaoficial.com\/s\/wp-json\/wp\/v2\/users\/2"}],"replies":[{"embeddable":true,"href":"https:\/\/www.notaoficial.com\/s\/wp-json\/wp\/v2\/comments?post=3026"}],"version-history":[{"count":1,"href":"https:\/\/www.notaoficial.com\/s\/wp-json\/wp\/v2\/posts\/3026\/revisions"}],"predecessor-version":[{"id":3028,"href":"https:\/\/www.notaoficial.com\/s\/wp-json\/wp\/v2\/posts\/3026\/revisions\/3028"}],"wp:featuredmedia":[{"embeddable":true,"href":"https:\/\/www.notaoficial.com\/s\/wp-json\/wp\/v2\/media\/3027"}],"wp:attachment":[{"href":"https:\/\/www.notaoficial.com\/s\/wp-json\/wp\/v2\/media?parent=3026"}],"wp:term":[{"taxonomy":"category","embeddable":true,"href":"https:\/\/www.notaoficial.com\/s\/wp-json\/wp\/v2\/categories?post=3026"},{"taxonomy":"post_tag","embeddable":true,"href":"https:\/\/www.notaoficial.com\/s\/wp-json\/wp\/v2\/tags?post=3026"}],"curies":[{"name":"wp","href":"https:\/\/api.w.org\/{rel}","templated":true}]}}