{"id":3032,"date":"2018-09-24T22:00:38","date_gmt":"2018-09-25T02:00:38","guid":{"rendered":"http:\/\/www.notaoficial.com\/s\/?p=3032"},"modified":"2018-09-24T19:45:54","modified_gmt":"2018-09-24T23:45:54","slug":"propuestas-de-cuatro-artistas-conviven-en-4-cuartos-en-la-galeria-cerquone-projects-de-la-castellana","status":"publish","type":"post","link":"https:\/\/www.notaoficial.com\/s\/2018\/09\/24\/propuestas-de-cuatro-artistas-conviven-en-4-cuartos-en-la-galeria-cerquone-projects-de-la-castellana\/","title":{"rendered":"Propuestas de cuatro artistas conviven en \u201c4 Cuartos\u201d  en la galer\u00eda Cerquone Projects de La Castellana"},"content":{"rendered":"<p>Una selecci\u00f3n de obras de los artistas venezolanos Fausto Amundarain y Ruda (Rub\u00e9n Echeverr\u00eda), y de los espa\u00f1oles Miguel Caravaca e Ignacio Burgos, conforman la exposici\u00f3n <strong>\u201c4 Cuartos\u201d<\/strong>, que inaugurar\u00e1 Cerquone Projects en su sede de La Castellana el s\u00e1bado 22 de septiembre de 2018 a las 5 pm, bajo la asesor\u00eda curatorial y museograf\u00eda de Lorena Gonz\u00e1lez Inneco.<\/p>\n<p>Cuatro espacios habitados por cuatro singulares artistas, <strong>\u201c4 Cuartos\u201d<\/strong> se presenta como un lugar \u00edntimo donde las b\u00fasquedas y verdades propias de estos artistas coexisten, \u201cen el que, como soliloquios a voz alta, los mensajes y c\u00f3digos de naturaleza pict\u00f3rica se comparten a trav\u00e9s del vac\u00edo para continuar, complementar o contrastar las propuestas de su cuarto contiguo. En \u20184 Cuartos\u2019 conviven entonces cuatro universos expuestos, cuatro maneras de mirar y cuatro formas de afrontar el presente desde la pintura\u2026\u201d, seg\u00fan escribe el investigador Manuel V\u00e1squez-Ortega en el texto que acompa\u00f1a la muestra.<\/p>\n<p>De acuerdo al texto de V\u00e1squez-Ortega, <strong>Ruda<\/strong> resit\u00faa im\u00e1genes conocidas extra\u00eddas de su naturaleza digital para recrearlas en materialidades ajenas a su origen, y como antrop\u00f3logo 2.0, representa situaciones propias de lo virtual en soportes tradicionales como la pintura, la escultura cer\u00e1mica y la serigraf\u00eda.<\/p>\n<p><strong>Miguel Caravaca<\/strong> reinterpreta en sus pinturas noticias le\u00eddas en red sumadas al uso de referentes de cultura pop, por medio de aforismos integrados a la composici\u00f3n de im\u00e1genes espectacularizadas; revelando \u201cla capacidad de la representaci\u00f3n de sustituir los sucesos de la realidad para generar -en palabras de G. Debord- \u2018una relaci\u00f3n social entre personas mediatizada por im\u00e1genes\u2019, en la que m\u00e1s all\u00e1 del deleite, cada pieza ofrece una lectura fugaz y directa de una sociedad del espect\u00e1culo\u201d.<\/p>\n<p>Por su parte, <strong>Fausto Amundarain<\/strong> presenta una propuesta pl\u00e1stica llena de gui\u00f1os a un pasado nada alejado de nuestros d\u00edas pero distinto de su situaci\u00f3n actual, seg\u00fan escribe V\u00e1squez-Ortega. \u201cTras la asimilaci\u00f3n y s\u00edntesis de est\u00e9ticas urbanas, del c\u00f3mic, e incluso de la abstracci\u00f3n geom\u00e9trica venezolana, Amundarain construye im\u00e1genes <em>pop<\/em> que dialogan entre el <em>coloritmo<\/em> y el <em>an\u00e1glifo<\/em>\u201d.<\/p>\n<p>Finalmente, <strong>Ignacio Burgos<\/strong> exterioriza en sus pinturas un universo de imaginarios humanos, y \u201caborda a trav\u00e9s de fondos tumultuosos, indescifrables, descontextualizados, la intimidad de una situaci\u00f3n desconocida, en la que figuras hechas de gesto y trazas se convierten en las protagonistas de retratos atemporales\u2026\u201d<\/p>\n<p>El p\u00fablico podr\u00e1 apreciar la exposici\u00f3n <strong>\u201c4 Cuartos\u201d<\/strong> del 22 de septiembre a finales de octubre del presente a\u00f1o, en los espacios de la galer\u00eda Cerquone Projects, ubicada en la avenida San Felipe de La Castellana, quinta 117, Caracas. El horario es de martes a viernes de 10 am a 6 pm, s\u00e1bados y domingos de 11 am a 5 pm. La entrada es libre.<\/p>\n<p>Mayor informaci\u00f3n puede ser solicitada por <a href=\"http:\/\/www.cerquone.com\" data-saferedirecturl=\"https:\/\/www.google.com\/url?q=http:\/\/www.cerquone.com&amp;source=gmail&amp;ust=1537916430029000&amp;usg=AFQjCNHacRuLkZgWXWPnTmjLIWkfrMlSfw\">www.cerquone.com<\/a> Facebook: <a href=\"https:\/\/www.facebook.com\/cerquoneprojects\/\" data-saferedirecturl=\"https:\/\/www.google.com\/url?q=https:\/\/www.facebook.com\/cerquoneprojects\/&amp;source=gmail&amp;ust=1537916430029000&amp;usg=AFQjCNE-Obep5v-LLJzWI2HP25lOfBVbrA\">Cerquone Projects<\/a> e Instagram: <a href=\"https:\/\/www.instagram.com\/cerquoneprojects\/?hl=en\" data-saferedirecturl=\"https:\/\/www.google.com\/url?q=https:\/\/www.instagram.com\/cerquoneprojects\/?hl%3Den&amp;source=gmail&amp;ust=1537916430030000&amp;usg=AFQjCNEonpn1C0frbKbFnfhsCcnvIv0Sjw\">@cerquoneprojects<\/a> Tel\u00e9fonos 0414-2932063 \/ 0414-1560932.<\/p>\n","protected":false},"excerpt":{"rendered":"<p>Una selecci\u00f3n de obras de los artistas venezolanos Fausto Amundarain y Ruda (Rub\u00e9n Echeverr\u00eda), y de los espa\u00f1oles Miguel Caravaca e Ignacio Burgos, conforman la exposici\u00f3n \u201c4 Cuartos\u201d, que inaugurar\u00e1 Cerquone Projects en su sede de La Castellana el s\u00e1bado 22 de septiembre de 2018 a las 5 pm, bajo la asesor\u00eda curatorial y museograf\u00eda [&hellip;]<\/p>\n","protected":false},"author":2,"featured_media":3033,"comment_status":"closed","ping_status":"open","sticky":false,"template":"","format":"standard","meta":[],"categories":[463,2],"tags":[2412,959,2200,2413,386,960,2414,2210,2201],"wppr_data":[],"_links":{"self":[{"href":"https:\/\/www.notaoficial.com\/s\/wp-json\/wp\/v2\/posts\/3032"}],"collection":[{"href":"https:\/\/www.notaoficial.com\/s\/wp-json\/wp\/v2\/posts"}],"about":[{"href":"https:\/\/www.notaoficial.com\/s\/wp-json\/wp\/v2\/types\/post"}],"author":[{"embeddable":true,"href":"https:\/\/www.notaoficial.com\/s\/wp-json\/wp\/v2\/users\/2"}],"replies":[{"embeddable":true,"href":"https:\/\/www.notaoficial.com\/s\/wp-json\/wp\/v2\/comments?post=3032"}],"version-history":[{"count":2,"href":"https:\/\/www.notaoficial.com\/s\/wp-json\/wp\/v2\/posts\/3032\/revisions"}],"predecessor-version":[{"id":3035,"href":"https:\/\/www.notaoficial.com\/s\/wp-json\/wp\/v2\/posts\/3032\/revisions\/3035"}],"wp:featuredmedia":[{"embeddable":true,"href":"https:\/\/www.notaoficial.com\/s\/wp-json\/wp\/v2\/media\/3033"}],"wp:attachment":[{"href":"https:\/\/www.notaoficial.com\/s\/wp-json\/wp\/v2\/media?parent=3032"}],"wp:term":[{"taxonomy":"category","embeddable":true,"href":"https:\/\/www.notaoficial.com\/s\/wp-json\/wp\/v2\/categories?post=3032"},{"taxonomy":"post_tag","embeddable":true,"href":"https:\/\/www.notaoficial.com\/s\/wp-json\/wp\/v2\/tags?post=3032"}],"curies":[{"name":"wp","href":"https:\/\/api.w.org\/{rel}","templated":true}]}}