{"id":3036,"date":"2018-09-24T23:00:07","date_gmt":"2018-09-25T03:00:07","guid":{"rendered":"http:\/\/www.notaoficial.com\/s\/?p=3036"},"modified":"2018-09-24T19:57:22","modified_gmt":"2018-09-24T23:57:22","slug":"versed-estrena-mil-maneras-primer-sencillo-de-su-nuevo-disco-y-un-cover-de-soda-stereo","status":"publish","type":"post","link":"https:\/\/www.notaoficial.com\/s\/2018\/09\/24\/versed-estrena-mil-maneras-primer-sencillo-de-su-nuevo-disco-y-un-cover-de-soda-stereo\/","title":{"rendered":"Versed estrena Mil Maneras, primer sencillo de su nuevo disco, y un cover de Soda Stereo"},"content":{"rendered":"<p dir=\"ltr\">La agrupaci\u00f3n venezolana radicada en M\u00e9xico, Versed, est\u00e1 de estreno con Mil Maneras, el primer adelanto de su esperada segunda producci\u00f3n discogr\u00e1fica, que ser\u00e1 presentada en los pr\u00f3ximos meses.<\/p>\n<p dir=\"ltr\">Tras el exitoso lanzamiento de Visiones (2015), su \u00e1lbum debut, que fue c\u00e1lidamente recibido por fan\u00e1ticos y prensa especializada, la agrupaci\u00f3n presenta Mil Maneras, una canci\u00f3n que marca el fin de una etapa y el comienzo de otra para Versed. \u201cQuer\u00edamos hacer un tema con ritmos m\u00e1s dance y alegres d\u00e1ndole un mayor protagonismo a los sintetizadores y al espectro vocal. L\u00edricamente, el sencillo retrata una situaci\u00f3n en la que todos hemos estado en alg\u00fan punto de nuestras vidas\u201d comentan Samuel S\u00e1nchez (voz principal, guitarra) y Omar Oses (voces, bajo) sobre su nueva creaci\u00f3n, ya disponible en las plataformas digitales como <a href=\"https:\/\/open.spotify.com\/album\/0ZxV1iIOM5R8le6dhii2Nn\" target=\"_blank\" rel=\"noopener\" data-saferedirecturl=\"https:\/\/www.google.com\/url?q=https:\/\/open.spotify.com\/album\/0ZxV1iIOM5R8le6dhii2Nn&amp;source=gmail&amp;ust=1537916430014000&amp;usg=AFQjCNGCPSO5JsNIcM--WsW4gt98yddH7A\">Spotify<\/a>.<\/p>\n<p dir=\"ltr\">Mil Maneras fue grabada por Samuel S\u00e1nchez y Omar Oses junto a Daniel L\u00f3pez (Guitarras y sintetizadores) y Rafael Acu\u00f1a (Bater\u00eda). Este tema in\u00e9dito fue producido por la banda junto a Fernando Bosch (La Pagana Trinidad) y Reynaldo Rodr\u00edguez (Los Sordos) y adelanta el nuevo sonido que Versed plantear\u00e1 en su segundo trabajo discogr\u00e1fico, donde juegan con sonidos m\u00e1s electr\u00f3nicos y experimentales sin perder su esencia rock. Llega acompa\u00f1ado de Moir\u00e8, una versi\u00f3n del tema del mismo nombre de Soda Stereo, y son los sencillos con los que la joven banda venezolana Versed firma su presentaci\u00f3n oficial en M\u00e9xico.<\/p>\n<p dir=\"ltr\">A modo de lado B, Moir\u00e8 es una reversi\u00f3n de la canci\u00f3n electr\u00f3nica de Gustavo Cerati en su \u00faltima etapa en Soda Stereo (Sue\u00f1o Stereo, 1995). Versed fue convocado por la argentina Mute Magazine para participar en Disco Eterno (Un tributo a Sue\u00f1o Stereo) junto con artistas de toda Latinoam\u00e9rica. Adem\u00e1s de Versed, sumaron sus reversiones Surfistas del Sistema, de Argentina; \u00a0F\u00e1rmacos, de Chile, o Telebit, de Colombia, entre otros. Moir\u00e8 tambi\u00e9n est\u00e1 disponible en <a href=\"https:\/\/open.spotify.com\/album\/2Wr06PQnW10059p0P2yheh\" target=\"_blank\" rel=\"noopener\" data-saferedirecturl=\"https:\/\/www.google.com\/url?q=https:\/\/open.spotify.com\/album\/2Wr06PQnW10059p0P2yheh&amp;source=gmail&amp;ust=1537916430015000&amp;usg=AFQjCNHTQQ1vqimzzsDudI_gutNqc-qSfw\">Spotify<\/a>.<\/p>\n<p dir=\"ltr\">En su nueva etapa en M\u00e9xico, la agrupaci\u00f3n venezolana ya se present\u00f3 en Ciudad de M\u00e9xico y varias ciudades de la Rep\u00fablica Mexicana como Puebla, Guadalajara y Toluca, entre otras. Tambi\u00e9n llevaron su m\u00fasica a Houston, en Estados Unidos.<\/p>\n<p dir=\"ltr\">Aunque su centro de operaciones ahora est\u00e1 en suelo azteca, no olvidan a su p\u00fablico venezolano: \u201cVersed es una banda venezolana, creada y formada en Caracas. A pesar de la distancia, siempre seremos venezolanos y esperamos volver muy pronto para compartir nuestra nueva m\u00fasica en nuestra primera casa, en nuestro lugar de nacimiento\u201d.<\/p>\n<p dir=\"ltr\">Para m\u00e1s informaci\u00f3n, pueden seguir a Versed en sus redes sociales:<\/p>\n<p dir=\"ltr\"><a href=\"https:\/\/www.facebook.com\/somosversed\" target=\"_blank\" rel=\"noopener\" data-saferedirecturl=\"https:\/\/www.google.com\/url?q=https:\/\/www.facebook.com\/somosversed&amp;source=gmail&amp;ust=1537916430015000&amp;usg=AFQjCNFNslOaddG9RnAGkwSZE_0haaWdeg\">https:\/\/www.facebook.com\/<wbr \/>somosversed<\/a><\/p>\n<p dir=\"ltr\"><a href=\"https:\/\/www.twitter.com\/versedbanda\" target=\"_blank\" rel=\"noopener\" data-saferedirecturl=\"https:\/\/www.google.com\/url?q=https:\/\/www.twitter.com\/versedbanda&amp;source=gmail&amp;ust=1537916430015000&amp;usg=AFQjCNFmr3fHayfFH4eYhTtXDqid6Xj25w\">https:\/\/www.twitter.com\/<wbr \/>versedbanda<\/a><\/p>\n<p><span id=\"m_-814045339229135195gmail-docs-internal-guid-98f19b66-7fff-71df-0133-067831488306\"><a href=\"https:\/\/www.instagram.com\/versedbanda\" target=\"_blank\" rel=\"noopener\" data-saferedirecturl=\"https:\/\/www.google.com\/url?q=https:\/\/www.instagram.com\/versedbanda&amp;source=gmail&amp;ust=1537916430015000&amp;usg=AFQjCNFfEMFG4-nBIOV_WftjeOF55orxtg\">https:\/\/www.instagram.com\/<wbr \/>versedbanda<\/a><\/span><\/p>\n","protected":false},"excerpt":{"rendered":"<p>La agrupaci\u00f3n venezolana radicada en M\u00e9xico, Versed, est\u00e1 de estreno con Mil Maneras, el primer adelanto de su esperada segunda producci\u00f3n discogr\u00e1fica, que ser\u00e1 presentada en los pr\u00f3ximos meses. Tras el exitoso lanzamiento de Visiones (2015), su \u00e1lbum debut, que fue c\u00e1lidamente recibido por fan\u00e1ticos y prensa especializada, la agrupaci\u00f3n presenta Mil Maneras, una canci\u00f3n [&hellip;]<\/p>\n","protected":false},"author":2,"featured_media":3037,"comment_status":"closed","ping_status":"open","sticky":false,"template":"","format":"standard","meta":[],"categories":[463,2],"tags":[17,209,28,2420,2426,255,2423,2427,694,2424,199,2416,2419,2421,2422,2418,405,2425,2415,2417],"wppr_data":[],"_links":{"self":[{"href":"https:\/\/www.notaoficial.com\/s\/wp-json\/wp\/v2\/posts\/3036"}],"collection":[{"href":"https:\/\/www.notaoficial.com\/s\/wp-json\/wp\/v2\/posts"}],"about":[{"href":"https:\/\/www.notaoficial.com\/s\/wp-json\/wp\/v2\/types\/post"}],"author":[{"embeddable":true,"href":"https:\/\/www.notaoficial.com\/s\/wp-json\/wp\/v2\/users\/2"}],"replies":[{"embeddable":true,"href":"https:\/\/www.notaoficial.com\/s\/wp-json\/wp\/v2\/comments?post=3036"}],"version-history":[{"count":1,"href":"https:\/\/www.notaoficial.com\/s\/wp-json\/wp\/v2\/posts\/3036\/revisions"}],"predecessor-version":[{"id":3038,"href":"https:\/\/www.notaoficial.com\/s\/wp-json\/wp\/v2\/posts\/3036\/revisions\/3038"}],"wp:featuredmedia":[{"embeddable":true,"href":"https:\/\/www.notaoficial.com\/s\/wp-json\/wp\/v2\/media\/3037"}],"wp:attachment":[{"href":"https:\/\/www.notaoficial.com\/s\/wp-json\/wp\/v2\/media?parent=3036"}],"wp:term":[{"taxonomy":"category","embeddable":true,"href":"https:\/\/www.notaoficial.com\/s\/wp-json\/wp\/v2\/categories?post=3036"},{"taxonomy":"post_tag","embeddable":true,"href":"https:\/\/www.notaoficial.com\/s\/wp-json\/wp\/v2\/tags?post=3036"}],"curies":[{"name":"wp","href":"https:\/\/api.w.org\/{rel}","templated":true}]}}