{"id":3070,"date":"2018-09-29T09:00:04","date_gmt":"2018-09-29T13:00:04","guid":{"rendered":"http:\/\/www.notaoficial.com\/s\/?p=3070"},"modified":"2018-09-28T22:08:24","modified_gmt":"2018-09-29T02:08:24","slug":"alegnali-valarino-al-rescate-de-una-sociedad-sumergida-en-el-narcisismo-en-coloreando-melodias","status":"publish","type":"post","link":"https:\/\/www.notaoficial.com\/s\/2018\/09\/29\/alegnali-valarino-al-rescate-de-una-sociedad-sumergida-en-el-narcisismo-en-coloreando-melodias\/","title":{"rendered":"Alegnal\u00ed Valarino al rescate de una sociedad sumergida en el narcisismo en \u201cColoreando Melod\u00edas\u201d"},"content":{"rendered":"<p>Luego de que el pasado 9 de agosto se estrenara por todo lo alto, y con total \u00e9xito, el disco \u201cColoreando Melod\u00edas\u201d en la ciudad de Miami, la placa discogr\u00e1fica sigue dando de qu\u00e9 hablar.<\/p>\n<p><strong>Y es que con un concepto innovador: De corte infantil pero con un lenguaje adulto, ligado a letras motivacionales y melod\u00edas actuales, pretende darle una nueva y diferente visi\u00f3n a lo que usualmente se conoce como m\u00fasica para ni\u00f1os y j\u00f3venes.<\/strong><\/p>\n<p>Adem\u00e1s, otra de las tantas fortalezas de este \u00e1lbum es que apuesta por el talento novel nacional femenino, incluyendo dentro del repertorio de vocalistas a <strong>Alegnal\u00ed Valarino, quien viene a agregarle valor al modesto proyecto.<\/strong><\/p>\n<p>\u201cEs la primera vez que participo en un \u00e1lbum infantil. Es algo nuevo para m\u00ed y la experiencia fue s\u00faper linda. Me encant\u00f3 participar en esta producci\u00f3n, compartir con gente s\u00faper talentosa y aprender de ellas fue unas de las cosas m\u00e1s gratificantes de estar en este proyecto\u201d, comenta la int\u00e9rprete.<\/p>\n<p>Este disco, conformado por siete temas, es una obra tan ambiciosa que <strong>cuenta con Mar\u00eda Elisa Ayerbe en la ingenier\u00eda de sonido, quien ha trabajado con artistas de talla mundial como Laura Pausini; mientras que las composiciones est\u00e1n a cargo de\u00a0 Yoel Vivas, Lyliana Mungarrieta y de la talentosa Luc\u00eda Montanari, quien ha cantado con el reconocido Ilan Chester. Adem\u00e1s, la \u00a0masterizaci\u00f3n fue realizada por el ganador del Latin Grammy, Camilo Silva.<\/strong> Un equipo de lujo.<\/p>\n<p>Dos de esas canciones son \u201cImag\u00ednate\u201d y \u201cNarciso\u201d, las cuales cuentan con Valarino en las voces. \u00ab\u2018Imag\u00ednate\u2019 habla acerca de la perseverancia, de imaginar y alcanzar tus metas sin importar los obst\u00e1culos que se presenten \u2013comenta Alegnal\u00ed. Por otro lado, el mensaje que tiene \u2018Narciso\u2019 es que no solo importa la apariencia sino lo interior tambi\u00e9n, c\u00f3mo piensas, los sentimientos y el saber apreciar tanto la belleza exterior como la interior\u201d, complementa.<\/p>\n<p>\u00c9ste es solo el comienzo de un proyecto musical al que muchas personas le tienen mucha Fe y que promete seguir dando de qu\u00e9 hablar.<\/p>\n<p><strong>Para conocer m\u00e1s de \u201cColoreando Melod\u00edas\u201d, no duden seguir sus redes sociales como @ColoreandoMelodias.<\/strong><\/p>\n","protected":false},"excerpt":{"rendered":"<p>Luego de que el pasado 9 de agosto se estrenara por todo lo alto, y con total \u00e9xito, el disco \u201cColoreando Melod\u00edas\u201d en la ciudad de Miami, la placa discogr\u00e1fica sigue dando de qu\u00e9 hablar. Y es que con un concepto innovador: De corte infantil pero con un lenguaje adulto, ligado a letras motivacionales y [&hellip;]<\/p>\n","protected":false},"author":2,"featured_media":3071,"comment_status":"closed","ping_status":"open","sticky":false,"template":"","format":"standard","meta":[],"categories":[146],"tags":[2501,2504,1805,2502,2503,249],"wppr_data":[],"_links":{"self":[{"href":"https:\/\/www.notaoficial.com\/s\/wp-json\/wp\/v2\/posts\/3070"}],"collection":[{"href":"https:\/\/www.notaoficial.com\/s\/wp-json\/wp\/v2\/posts"}],"about":[{"href":"https:\/\/www.notaoficial.com\/s\/wp-json\/wp\/v2\/types\/post"}],"author":[{"embeddable":true,"href":"https:\/\/www.notaoficial.com\/s\/wp-json\/wp\/v2\/users\/2"}],"replies":[{"embeddable":true,"href":"https:\/\/www.notaoficial.com\/s\/wp-json\/wp\/v2\/comments?post=3070"}],"version-history":[{"count":1,"href":"https:\/\/www.notaoficial.com\/s\/wp-json\/wp\/v2\/posts\/3070\/revisions"}],"predecessor-version":[{"id":3072,"href":"https:\/\/www.notaoficial.com\/s\/wp-json\/wp\/v2\/posts\/3070\/revisions\/3072"}],"wp:featuredmedia":[{"embeddable":true,"href":"https:\/\/www.notaoficial.com\/s\/wp-json\/wp\/v2\/media\/3071"}],"wp:attachment":[{"href":"https:\/\/www.notaoficial.com\/s\/wp-json\/wp\/v2\/media?parent=3070"}],"wp:term":[{"taxonomy":"category","embeddable":true,"href":"https:\/\/www.notaoficial.com\/s\/wp-json\/wp\/v2\/categories?post=3070"},{"taxonomy":"post_tag","embeddable":true,"href":"https:\/\/www.notaoficial.com\/s\/wp-json\/wp\/v2\/tags?post=3070"}],"curies":[{"name":"wp","href":"https:\/\/api.w.org\/{rel}","templated":true}]}}