{"id":3112,"date":"2018-10-01T23:03:29","date_gmt":"2018-10-02T03:03:29","guid":{"rendered":"http:\/\/www.notaoficial.com\/s\/?p=3112"},"modified":"2018-10-01T19:10:38","modified_gmt":"2018-10-01T23:10:38","slug":"cultura-chacao-inicia-nuevo-ciclo-de-talleres-chacao-2018-de-creacion-artistica-y-artesanal","status":"publish","type":"post","link":"https:\/\/www.notaoficial.com\/s\/2018\/10\/01\/cultura-chacao-inicia-nuevo-ciclo-de-talleres-chacao-2018-de-creacion-artistica-y-artesanal\/","title":{"rendered":"Cultura Chacao inicia nuevo ciclo de Talleres Chacao 2018  de creaci\u00f3n art\u00edstica y artesanal"},"content":{"rendered":"<p>Dentro del programa de <strong>Talleres Chacao 2018 <\/strong>que viene ofreciendo Cultura Chacao a lo largo del a\u00f1o, se llevar\u00e1 a cabo un nuevo ciclo de cursos en diversas \u00e1reas de la creaci\u00f3n art\u00edstica y artesanal, que tendr\u00e1n lugar del 8 de octubre y al 16 de noviembre en diferentes espacios del municipio.<\/p>\n<p>En la antigua sede de la <strong>Escuela Carlos Soublette<\/strong>, en Bello Campo, se dictar\u00e1n los talleres \u201cConfecci\u00f3n de Brassier\u201d y \u201cVelas Talladas\u201d (los lunes); \u201cTejido en crochet navide\u00f1o\u201d (los martes); \u201cTransformaci\u00f3n de prendas de vestir\u201d (los mi\u00e9rcoles); \u201cBisuter\u00eda\u201d, \u201cElaboraci\u00f3n de cojines navide\u00f1os\u201d y \u201cAlambrismo\u201d (los jueves); \u201cYoga para adultos\u201d y \u201cCremas, geles y splash\u201d (los viernes).<\/p>\n<p>En la <strong>Biblioteca Los Palos Grandes<\/strong> se ofrecer\u00e1n, los d\u00edas lunes, talleres de \u201cElaboraci\u00f3n de botas navide\u00f1as\u201d, \u201cMacram\u00e9 de Navidad\u201d, Navidad en papel\u201d y \u201cMandalas como instrumentos de sanaci\u00f3n\u201d; mientras que en el local Artemprendedor (lateral a la Iglesia San Jos\u00e9 de Chacao) se ofrecer\u00e1n los talleres \u201cJabones Artesanales\u201d (los martes) y \u201cCosm\u00e9ticos Artesanales\u201d (los jueves).<\/p>\n<p>En la <strong>Casa de la Cultura de Sans Souci<\/strong> se dictar\u00e1n, los d\u00edas s\u00e1bados, talleres para ni\u00f1os, j\u00f3venes y adultos de \u201cBaile Tradicional\u201d \u201cCanto Tradicional\u201d, \u201cCuatro Tradicional\u201d y \u201cTeatro Tradicional\u201d.<\/p>\n<p>Las inscripciones ser\u00e1n del <strong>lunes 24 al mi\u00e9rcoles 26 de septiembre<\/strong> (residentes de Chacao, con carta de residencia vigente) y los d\u00edas <strong>jueves 27 y viernes 28 de septiembre<\/strong> (las personas que no viven en el municipio Chacao), de 9 am a 12 m, en la Biblioteca Los Palos Grandes, ubicada en la 3era avenida de Los Palos Grandes, entre 2da y 3era transversal. El cupo es limitado<\/p>\n<p>Mayor informaci\u00f3n y costos puede solicitarse por el tel\u00e9fono 0212-8144016 o por el correo <a href=\"mailto:coordinaciontallereschacao@gmail.com\">coordinaciontallereschacao@gmail.com<\/a><\/p>\n<p>P\u00e1gina web: <a href=\"http:\/\/cultura.chacao.gob.ve\/\" data-saferedirecturl=\"https:\/\/www.google.com\/url?q=http:\/\/cultura.chacao.gob.ve\/&amp;source=gmail&amp;ust=1538519053788000&amp;usg=AFQjCNHp-hS5QwRDQKhEHhOT0pCe9mEBxQ\">cultura.chacao.gob.ve<\/a>, o a trav\u00e9s de las cuentas de Twitter: <a href=\"https:\/\/twitter.com\/culturachacao\" data-saferedirecturl=\"https:\/\/www.google.com\/url?q=https:\/\/twitter.com\/culturachacao&amp;source=gmail&amp;ust=1538519053788000&amp;usg=AFQjCNHb8jVpBW8yOAU2HMFj12kJdBxBqQ\">@culturachacao<\/a> Facebook: <a href=\"https:\/\/www.facebook.com\/culturachacao.org\" data-saferedirecturl=\"https:\/\/www.google.com\/url?q=https:\/\/www.facebook.com\/culturachacao.org&amp;source=gmail&amp;ust=1538519053788000&amp;usg=AFQjCNFrF81Z-GGl19GX-XNryjUKRFA2-Q\">culturachacao.org<\/a>\u00a0 Instagram: <a href=\"https:\/\/instagram.com\/culturachacao\/\" data-saferedirecturl=\"https:\/\/www.google.com\/url?q=https:\/\/instagram.com\/culturachacao\/&amp;source=gmail&amp;ust=1538519053788000&amp;usg=AFQjCNEMNP0feg559sBIQPA_25bZdhZNOA\">culturachacao<\/a><\/p>\n","protected":false},"excerpt":{"rendered":"<p>Dentro del programa de Talleres Chacao 2018 que viene ofreciendo Cultura Chacao a lo largo del a\u00f1o, se llevar\u00e1 a cabo un nuevo ciclo de cursos en diversas \u00e1reas de la creaci\u00f3n art\u00edstica y artesanal, que tendr\u00e1n lugar del 8 de octubre y al 16 de noviembre en diferentes espacios del municipio. En la antigua [&hellip;]<\/p>\n","protected":false},"author":2,"featured_media":3113,"comment_status":"closed","ping_status":"open","sticky":false,"template":"","format":"standard","meta":[],"categories":[463,2],"tags":[1105,331,2571,919,277,1106,2570],"wppr_data":[],"_links":{"self":[{"href":"https:\/\/www.notaoficial.com\/s\/wp-json\/wp\/v2\/posts\/3112"}],"collection":[{"href":"https:\/\/www.notaoficial.com\/s\/wp-json\/wp\/v2\/posts"}],"about":[{"href":"https:\/\/www.notaoficial.com\/s\/wp-json\/wp\/v2\/types\/post"}],"author":[{"embeddable":true,"href":"https:\/\/www.notaoficial.com\/s\/wp-json\/wp\/v2\/users\/2"}],"replies":[{"embeddable":true,"href":"https:\/\/www.notaoficial.com\/s\/wp-json\/wp\/v2\/comments?post=3112"}],"version-history":[{"count":1,"href":"https:\/\/www.notaoficial.com\/s\/wp-json\/wp\/v2\/posts\/3112\/revisions"}],"predecessor-version":[{"id":3114,"href":"https:\/\/www.notaoficial.com\/s\/wp-json\/wp\/v2\/posts\/3112\/revisions\/3114"}],"wp:featuredmedia":[{"embeddable":true,"href":"https:\/\/www.notaoficial.com\/s\/wp-json\/wp\/v2\/media\/3113"}],"wp:attachment":[{"href":"https:\/\/www.notaoficial.com\/s\/wp-json\/wp\/v2\/media?parent=3112"}],"wp:term":[{"taxonomy":"category","embeddable":true,"href":"https:\/\/www.notaoficial.com\/s\/wp-json\/wp\/v2\/categories?post=3112"},{"taxonomy":"post_tag","embeddable":true,"href":"https:\/\/www.notaoficial.com\/s\/wp-json\/wp\/v2\/tags?post=3112"}],"curies":[{"name":"wp","href":"https:\/\/api.w.org\/{rel}","templated":true}]}}