{"id":3139,"date":"2018-10-04T16:48:48","date_gmt":"2018-10-04T20:48:48","guid":{"rendered":"http:\/\/www.notaoficial.com\/s\/?p=3139"},"modified":"2018-10-04T10:51:31","modified_gmt":"2018-10-04T14:51:31","slug":"cultura-chacao-celebra-su-25-cumpleanos","status":"publish","type":"post","link":"https:\/\/www.notaoficial.com\/s\/2018\/10\/04\/cultura-chacao-celebra-su-25-cumpleanos\/","title":{"rendered":"Cultura Chacao celebra su 25 cumplea\u00f1os"},"content":{"rendered":"<p>Con motivo de celebrarse el 25\u00b0 aniversario de Cultura Chacao, se estar\u00e1 llevando a cabo una extensa programaci\u00f3n gratuita en distintos espacios del municipio, hasta el 26 de octubre de 2018, de la mano de las embajadas de Alemania, Argentina, Espa\u00f1a, Francia y Pa\u00edses Bajos, as\u00ed como del British Council, Goethe-Institut, Autores Venezolanos, Qu\u00e9 Leer y Gran Cine.<\/p>\n<p>Creada por la Alcald\u00eda de Chacao en septiembre de 1993 bajo el nombre de \u201cFundaci\u00f3n Cultural Chacao\u201d \u2013nombre que cambi\u00f3 en 2007 por \u201cCultura Chacao\u201d\u2013 \u00a0dicha instituci\u00f3n tiene la misi\u00f3n de administrar la actividad cultural dentro del municipio, y a lo largo de sus 25 a\u00f1os se ha dedicado a propiciar el acercamiento de la comunidad al quehacer art\u00edstico a trav\u00e9s de una nutrida agenda de eventos orientados a la preservaci\u00f3n y difusi\u00f3n de nuestras tradiciones, una vasta oferta art\u00edstica y cultural, talleres formativos, entre muchas otras actividades.<\/p>\n<p>Asimismo, ha impulsado una importante gesti\u00f3n de calle orientada a integrar el arte y la cultura al entorno urbano, ofreciendo la presentaci\u00f3n de espect\u00e1culos musicales, pel\u00edculas de cine, obras de teatro, muestras de artes pl\u00e1sticas y actividades art\u00edsticas, en calles, plazas y avenidas de la localidad; adem\u00e1s implement\u00f3 una amplia programaci\u00f3n tur\u00edstica que incluye rutas hist\u00f3ricas, gastron\u00f3micas y arquitect\u00f3nicas, entre otras.<\/p>\n<p>La programaci\u00f3n aniversaria de Cultura Chacao contempla, entre otros eventos, un ciclo de talleres, conversatorios y lecturas dramatizadas en la Biblioteca Los Palos Grandes, hasta el 29 de septiembre, en alianza con la Embajada de la Rep\u00fablica Argentina en Venezuela; una muestra de Cine Alem\u00e1n los d\u00edas 27, 28, 29 y 30 de septiembre en la Sala Cabrujas de Los Palos Grandes, con el Goethe-Institut; el foro \u201cCiudadanos an\u00f3nimos: Templanza en tiempos de crisis\u201d, con Autores Venezolanos, el 27 de septiembre en la Plaza Los Palos Grandes; y el evento de lectura #SilentReadingParty, conjuntamente con Autores Venezolanos y Qu\u00e9 Leer.<\/p>\n<p>De la mano de Amnist\u00eda Internacional se realizar\u00e1 la semana de los derechos humanos los d\u00edas 2, 4 y 6 de octubre; mientras que la Embajada de Alemania en Venezuela ofrecer\u00e1 un ciclo de Cine Alem\u00e1n los d\u00edas 5,12, 19 y 26 de octubre en la Sala Cabrujas de Los Palos Grandes, y dos eventos bajo el t\u00edtulo \u201cExperiencia Alemana\u201d los d\u00edas jueves 18 y 25 de octubre en la Plaza Los Palos Grandes.<\/p>\n<p>Asimismo, en la Sala Cabrujas de Los Palos Grandes, se presentar\u00e1 cine espa\u00f1ol el 5 de octubre con la Embajada de Espa\u00f1a en Venezuela; un ciclo de cine franc\u00e9s los d\u00edas jueves 4, 11, 18 y 25 de octubre, con la Embajada de Francia en Venezuela; Charla de Will Sandy sobre intervenciones en el espacio p\u00fablico, el 9 de octubre, conjuntamente con el British Council; y un ciclo de cine con la Embajada de los Pa\u00edses Bajos y Gran Cine, que abarca funciones los d\u00edas 5 de octubre en la Plaza Los Palos Grandes, 12 de octubre en la Plaza Bol\u00edvar de Chacao, y 20 de octubre en la Plaza Altamira.<\/p>\n<p>Cabe destacar que el logo imagen de los 25 a\u00f1os de Cultura Chacao es obra del dise\u00f1ador gr\u00e1fico Michael Zerpa. El concepto hace uso de la trama que identifica a la instituci\u00f3n, seg\u00fan \u00e9l mismo explica. \u201cParte del logo est\u00e1 suspendido en el vac\u00edo para sugerir que se est\u00e1 ensamblando, esto para crear la relaci\u00f3n con el agradecimiento a todas las gestiones que han apoyado a Cultura Chacao a lo largo del tiempo. Por otra parte, las figuras circulares que componen los n\u00fameros del logo son una abstracci\u00f3n de la vista cenital del Obelisco de la Plaza Francia\u201d.<\/p>\n<p>Para mayor informaci\u00f3n sobre la programaci\u00f3n de los 25 a\u00f1os de Cultura Chacao, seguir las cuentas de Twitter: <u><a href=\"https:\/\/twitter.com\/culturachacao\" data-saferedirecturl=\"https:\/\/www.google.com\/url?q=https:\/\/twitter.com\/culturachacao&amp;source=gmail&amp;ust=1538749817585000&amp;usg=AFQjCNH8Fm9OYZcFwoQDhCqQk8ebqOOCYw\">@culturachacao<\/a><\/u> Facebook: <a href=\"https:\/\/www.facebook.com\/culturachacao.org\" data-saferedirecturl=\"https:\/\/www.google.com\/url?q=https:\/\/www.facebook.com\/culturachacao.org&amp;source=gmail&amp;ust=1538749817585000&amp;usg=AFQjCNExA-kZ4ENWmLok-HMRPWdfPjEX5g\">culturachacao.org<\/a>\u00a0 e Instagram: <a href=\"https:\/\/instagram.com\/culturachacao\/\" data-saferedirecturl=\"https:\/\/www.google.com\/url?q=https:\/\/instagram.com\/culturachacao\/&amp;source=gmail&amp;ust=1538749817585000&amp;usg=AFQjCNEdGxOPseUVcWqzyg0JPkPWOnNvVw\">culturachacao<\/a><\/p>\n","protected":false},"excerpt":{"rendered":"<p>Con motivo de celebrarse el 25\u00b0 aniversario de Cultura Chacao, se estar\u00e1 llevando a cabo una extensa programaci\u00f3n gratuita en distintos espacios del municipio, hasta el 26 de octubre de 2018, de la mano de las embajadas de Alemania, Argentina, Espa\u00f1a, Francia y Pa\u00edses Bajos, as\u00ed como del British Council, Goethe-Institut, Autores Venezolanos, Qu\u00e9 Leer [&hellip;]<\/p>\n","protected":false},"author":2,"featured_media":3140,"comment_status":"closed","ping_status":"open","sticky":false,"template":"","format":"standard","meta":[],"categories":[463,2],"tags":[2584,2590,277,2634,1431,2633,2631,2630,2629,2583,2632,294],"wppr_data":[],"_links":{"self":[{"href":"https:\/\/www.notaoficial.com\/s\/wp-json\/wp\/v2\/posts\/3139"}],"collection":[{"href":"https:\/\/www.notaoficial.com\/s\/wp-json\/wp\/v2\/posts"}],"about":[{"href":"https:\/\/www.notaoficial.com\/s\/wp-json\/wp\/v2\/types\/post"}],"author":[{"embeddable":true,"href":"https:\/\/www.notaoficial.com\/s\/wp-json\/wp\/v2\/users\/2"}],"replies":[{"embeddable":true,"href":"https:\/\/www.notaoficial.com\/s\/wp-json\/wp\/v2\/comments?post=3139"}],"version-history":[{"count":1,"href":"https:\/\/www.notaoficial.com\/s\/wp-json\/wp\/v2\/posts\/3139\/revisions"}],"predecessor-version":[{"id":3141,"href":"https:\/\/www.notaoficial.com\/s\/wp-json\/wp\/v2\/posts\/3139\/revisions\/3141"}],"wp:featuredmedia":[{"embeddable":true,"href":"https:\/\/www.notaoficial.com\/s\/wp-json\/wp\/v2\/media\/3140"}],"wp:attachment":[{"href":"https:\/\/www.notaoficial.com\/s\/wp-json\/wp\/v2\/media?parent=3139"}],"wp:term":[{"taxonomy":"category","embeddable":true,"href":"https:\/\/www.notaoficial.com\/s\/wp-json\/wp\/v2\/categories?post=3139"},{"taxonomy":"post_tag","embeddable":true,"href":"https:\/\/www.notaoficial.com\/s\/wp-json\/wp\/v2\/tags?post=3139"}],"curies":[{"name":"wp","href":"https:\/\/api.w.org\/{rel}","templated":true}]}}