{"id":3152,"date":"2018-10-06T14:36:20","date_gmt":"2018-10-06T18:36:20","guid":{"rendered":"http:\/\/www.notaoficial.com\/s\/?p=3152"},"modified":"2018-10-06T10:39:21","modified_gmt":"2018-10-06T14:39:21","slug":"feria-jardinera-epa-llega-a-caracas","status":"publish","type":"post","link":"https:\/\/www.notaoficial.com\/s\/2018\/10\/06\/feria-jardinera-epa-llega-a-caracas\/","title":{"rendered":"Feria Jardinera EPA llega a Caracas"},"content":{"rendered":"<p>EPA trae para sus clientes y p\u00fablico en general un evento creado para el disfrute de toda la familia, La Feria Jardinera ser\u00e1 el punto de encuentro en la tienda EPA situada en la avenida San Mart\u00edn, municipio Libertador del Distrito Capital, este s\u00e1bado 29 de septiembre desde las 10:00 de la ma\u00f1ana hasta las 5:00 de la tarde.<\/p>\n<p>En esta oportunidad la Feria Jardinera tendr\u00e1 para los visitantes una serie de actividades de tipo recreativas, tales como concursos, trivias, mini talleres, entre otras, todas en el marco del cuidado de las plantas.<\/p>\n<p>En la actividad se desarrollar\u00e1n t\u00f3picos relacionados con el mantenimiento y decoraci\u00f3n de suculentas y cactus, con un taller que ser\u00e1 dictado por la conocida influencer Liliana Mogoll\u00f3n (@rolilita), especialista en este tipo de plantas, adem\u00e1s la ocasi\u00f3n tambi\u00e9n ser\u00e1 propicia para aprender sobre bromelias, adem\u00e1s de siembra y jardines para ni\u00f1os.<\/p>\n<p>De igual forma, habr\u00e1 un \u00e1rea de exposici\u00f3n con art\u00edculos relacionados al evento, es decir, todo aquello af\u00edn a la jardiner\u00eda, terrazas, utensilios y dem\u00e1s surtido de inter\u00e9s.<\/p>\n<p>Adem\u00e1s los m\u00e1s peque\u00f1os de la casa tendr\u00e1n su espacio reservado para la diversi\u00f3n con colchones inflables, pintacaritas y dem\u00e1s actividades para su disfrute.<\/p>\n<p>La Feria Jardinera es una cita ideal para acudir en familia, y disfrutar de todo lo que all\u00ed habr\u00e1 preparado.<\/p>\n<p>Mayor informaci\u00f3n, a trav\u00e9s de la p\u00e1gina web <a href=\"http:\/\/www.epa.biz\/ve\">www.epa.biz\/ve<\/a>, o por las redes sociales: Twitter @FerreteriaEPAVE e Instagram @FerreteriaEPAVE y EPA Venezuela en Facebook. Use la etiqueta\u00a0#FeriaJardineraEPA.<\/p>\n","protected":false},"excerpt":{"rendered":"<p>EPA trae para sus clientes y p\u00fablico en general un evento creado para el disfrute de toda la familia, La Feria Jardinera ser\u00e1 el punto de encuentro en la tienda EPA situada en la avenida San Mart\u00edn, municipio Libertador del Distrito Capital, este s\u00e1bado 29 de septiembre desde las 10:00 de la ma\u00f1ana hasta las [&hellip;]<\/p>\n","protected":false},"author":2,"featured_media":3153,"comment_status":"closed","ping_status":"open","sticky":false,"template":"","format":"standard","meta":[],"categories":[93,94,2],"tags":[49,2649,269,535,1649,2648],"wppr_data":[],"_links":{"self":[{"href":"https:\/\/www.notaoficial.com\/s\/wp-json\/wp\/v2\/posts\/3152"}],"collection":[{"href":"https:\/\/www.notaoficial.com\/s\/wp-json\/wp\/v2\/posts"}],"about":[{"href":"https:\/\/www.notaoficial.com\/s\/wp-json\/wp\/v2\/types\/post"}],"author":[{"embeddable":true,"href":"https:\/\/www.notaoficial.com\/s\/wp-json\/wp\/v2\/users\/2"}],"replies":[{"embeddable":true,"href":"https:\/\/www.notaoficial.com\/s\/wp-json\/wp\/v2\/comments?post=3152"}],"version-history":[{"count":1,"href":"https:\/\/www.notaoficial.com\/s\/wp-json\/wp\/v2\/posts\/3152\/revisions"}],"predecessor-version":[{"id":3154,"href":"https:\/\/www.notaoficial.com\/s\/wp-json\/wp\/v2\/posts\/3152\/revisions\/3154"}],"wp:featuredmedia":[{"embeddable":true,"href":"https:\/\/www.notaoficial.com\/s\/wp-json\/wp\/v2\/media\/3153"}],"wp:attachment":[{"href":"https:\/\/www.notaoficial.com\/s\/wp-json\/wp\/v2\/media?parent=3152"}],"wp:term":[{"taxonomy":"category","embeddable":true,"href":"https:\/\/www.notaoficial.com\/s\/wp-json\/wp\/v2\/categories?post=3152"},{"taxonomy":"post_tag","embeddable":true,"href":"https:\/\/www.notaoficial.com\/s\/wp-json\/wp\/v2\/tags?post=3152"}],"curies":[{"name":"wp","href":"https:\/\/api.w.org\/{rel}","templated":true}]}}