{"id":3189,"date":"2018-10-08T20:14:49","date_gmt":"2018-10-09T00:14:49","guid":{"rendered":"http:\/\/www.notaoficial.com\/s\/?p=3189"},"modified":"2018-10-06T11:17:35","modified_gmt":"2018-10-06T15:17:35","slug":"budu-hizo-vibrar-los-premios-pepsi-music-2018","status":"publish","type":"post","link":"https:\/\/www.notaoficial.com\/s\/2018\/10\/08\/budu-hizo-vibrar-los-premios-pepsi-music-2018\/","title":{"rendered":"Bud\u00fa hizo vibrar los Premios Pepsi Music 2018"},"content":{"rendered":"<p>Sin duda, Bud\u00fa sigue dando de qu\u00e9 hablar. Prueba de ello, fue su presentaci\u00f3n en la sexta edici\u00f3n de los Premios Pepsi Music el pasado 27 de septiembre.<\/p>\n<p>Y es que, su impecable puesta escena \u2013realizada por el reconocido Production Designer Carlos Querales- dej\u00f3 a todos gratamente impresionados pues el tambi\u00e9n actor, junto a su Zandunga Sound Machine, puso a bailar a los asistentes con su sencillo promocional, \u201cEsta noche\u201d; acompa\u00f1ados por un material visual creado exclusivamente para el evento; la pirotecnia, que fue el complemento perfecto del performance; y el juego de luces, dieron como resultado una de las mejores presentaciones de la noche.<\/p>\n<p>\u201cEstaba nervioso porque es la primera vez que me presento en un evento de alto nivel \u2013comenta Bud\u00fa. Sin embargo, me llevo toda la satisfacci\u00f3n del mundo, creo que esto es un antes y un despu\u00e9s. Ahora me ven con m\u00e1s respeto y m\u00e1s credibilidad a nivel musical. La preparaci\u00f3n que tuve para este performance fue exigente, con mucho ensayo y mucha disciplina. Est\u00e1bamos eligiendo con qu\u00e9 tema har\u00edamos \u00edbamos a interpretar: Primero pens\u00e1bamos que con \u2018Badda boom\u2019 nos ir\u00eda brutal, pero me concentr\u00e9 en mostrar lo nuevo y gracias a Dios todo sali\u00f3 mejor de lo que pensaba\u201d.<\/p>\n<p>Sin embargo, las sorpresas no cesaron pues para el cierre invit\u00f3 a la tarima a Dani Bar\u00f3n y Omar Koonze para interpretar el remix del \u00e9xito radial \u201cChama\u201d.<\/p>\n<p>\u201cCompartir con ellos dos me trajo recuerdos de 3 Due\u00f1os porque \u00a0esa era la misma energ\u00eda que ten\u00edamos en escena. Ellos me dijeron que los contagi\u00e9 con mi fuerza y eso les ayud\u00f3 a desplazarse con m\u00e1s confianza\u201d, agrega Bud\u00fa.<\/p>\n<p>Sin duda, \u00e9ste es solo el comienzo de la nueva propuesta musical que trae el tambi\u00e9n actor para ofrecerle a sus seguidores. Adem\u00e1s, viene con unos proyectos musicales que dar\u00e1n mucho de qu\u00e9 hablar y, tambi\u00e9n, estar\u00e1 el pr\u00f3ximo 4 de octubre en Teatro Bar ofreciendo un concierto \u00edntimo.<\/p>\n<p>\u201cEstoy trabajando en un disco de puras colaboraciones donde tendr\u00e9 temas con Mata Rica, Dr. Norrys, Onechot, Mr. Ok, Dj Dk, Chuchuguaza Style, entre otros. Despu\u00e9s me enfocar\u00e9 en la siguiente placa discogr\u00e1fica, la cual ser\u00e1 mitad hip hop y mitad dancehall\u201d, finaliza.<\/p>\n<p><strong>Para conocer m\u00e1s de Bud\u00fa y de todos los proyectos que vienen\u00a0 en su carrera, no duden seguir sus redes sociales como <\/strong><strong>@BuduOriginal<\/strong><strong>.<\/strong><\/p>\n","protected":false},"excerpt":{"rendered":"<p>Sin duda, Bud\u00fa sigue dando de qu\u00e9 hablar. Prueba de ello, fue su presentaci\u00f3n en la sexta edici\u00f3n de los Premios Pepsi Music el pasado 27 de septiembre. Y es que, su impecable puesta escena \u2013realizada por el reconocido Production Designer Carlos Querales- dej\u00f3 a todos gratamente impresionados pues el tambi\u00e9n actor, junto a su [&hellip;]<\/p>\n","protected":false},"author":2,"featured_media":3190,"comment_status":"closed","ping_status":"open","sticky":false,"template":"","format":"standard","meta":[],"categories":[463,2],"tags":[931,2723,2722,2721,2719,1176,2718,2720,980,2717],"wppr_data":[],"_links":{"self":[{"href":"https:\/\/www.notaoficial.com\/s\/wp-json\/wp\/v2\/posts\/3189"}],"collection":[{"href":"https:\/\/www.notaoficial.com\/s\/wp-json\/wp\/v2\/posts"}],"about":[{"href":"https:\/\/www.notaoficial.com\/s\/wp-json\/wp\/v2\/types\/post"}],"author":[{"embeddable":true,"href":"https:\/\/www.notaoficial.com\/s\/wp-json\/wp\/v2\/users\/2"}],"replies":[{"embeddable":true,"href":"https:\/\/www.notaoficial.com\/s\/wp-json\/wp\/v2\/comments?post=3189"}],"version-history":[{"count":1,"href":"https:\/\/www.notaoficial.com\/s\/wp-json\/wp\/v2\/posts\/3189\/revisions"}],"predecessor-version":[{"id":3191,"href":"https:\/\/www.notaoficial.com\/s\/wp-json\/wp\/v2\/posts\/3189\/revisions\/3191"}],"wp:featuredmedia":[{"embeddable":true,"href":"https:\/\/www.notaoficial.com\/s\/wp-json\/wp\/v2\/media\/3190"}],"wp:attachment":[{"href":"https:\/\/www.notaoficial.com\/s\/wp-json\/wp\/v2\/media?parent=3189"}],"wp:term":[{"taxonomy":"category","embeddable":true,"href":"https:\/\/www.notaoficial.com\/s\/wp-json\/wp\/v2\/categories?post=3189"},{"taxonomy":"post_tag","embeddable":true,"href":"https:\/\/www.notaoficial.com\/s\/wp-json\/wp\/v2\/tags?post=3189"}],"curies":[{"name":"wp","href":"https:\/\/api.w.org\/{rel}","templated":true}]}}