{"id":3195,"date":"2018-10-09T12:21:32","date_gmt":"2018-10-09T16:21:32","guid":{"rendered":"http:\/\/www.notaoficial.com\/s\/?p=3195"},"modified":"2018-10-06T11:25:06","modified_gmt":"2018-10-06T15:25:06","slug":"el-talento-joven-del-cine-frances-se-muestra-en-la-sala-cabrujas-de-los-palos-grandes","status":"publish","type":"post","link":"https:\/\/www.notaoficial.com\/s\/2018\/10\/09\/el-talento-joven-del-cine-frances-se-muestra-en-la-sala-cabrujas-de-los-palos-grandes\/","title":{"rendered":"El talento joven del cine franc\u00e9s  se muestra en la Sala Cabrujas de Los Palos Grandes"},"content":{"rendered":"<p>En el marco de la programaci\u00f3n aniversaria de los 25 a\u00f1os de Cultura Chacao se ofrecer\u00e1 una muestra de cine franc\u00e9s perteneciente al Ciclo de \u00d3peras Primas de j\u00f3venes realizadores y a la 9\u00ba Fiesta de cine animado ANIMANDINO, en cuatro funciones que tendr\u00e1n lugar los d\u00edas jueves 4, 11, 18 y 25 de octubre de 2018 a las 5 pm, en la Sala Cabrujas de Los Palos Grandes, con entrada libre.<\/p>\n<p>El <strong>jueves 4 de octubre<\/strong> ser\u00e1 proyectada la pel\u00edcula <strong>\u201cSiempre hay una primera vez\u201d<\/strong> (<em>Toute premi\u00e8re fois<\/em>), comedia de los directores Maxime Govare y No\u00e9mie Saglio, que narra la historia de J\u00e9r\u00e9mie, un hombre de 34 a\u00f1os que est\u00e1 a punto de casarse con Antoine y se despierta en un apartamento desconocido con Adna al otro lado de la cama. El cartel de int\u00e9rpretes lo conforman Pio Marma\u00ef (J\u00e9r\u00e9mie), Franck Gastambide (Charles), Camille Cottin (Cl\u00e9mence), Adrianna Gradziel (Adna), Lannick Gautry (Antoine), y Fr\u00e9d\u00e9rick Pierrot (Hubert).<\/p>\n<p>El <strong>jueves 11 de octubre<\/strong> podr\u00e1 verse <strong>\u201cUn H\u00e9roe Singular\u201d<\/strong> (<em>Petit paysan<\/em>), un film de Hubert Charuel sobre un productor de leche, Pierre, cuya vida gira en torno a su granja. Cuando los primeros casos de una epidemia se declaran en Francia, Pierre descubre que uno de sus animales est\u00e1 infectado. No puede permitirse perder sus vacas y llega hasta el final para salvarlas.<\/p>\n<p>El <strong>jueves 18 de octubre<\/strong> se presentar\u00e1 un programa para adolescentes y adultos, con 8 cortometrajes del estudio de animaci\u00f3n <strong>Folimage<\/strong>, entre los que se incluyen: <strong>\u201c<\/strong><strong>El monje y el pez<\/strong><strong>\u201d<\/strong>\u00a0de Michael Dudok De Witt, <strong>\u201c<\/strong><strong>Un d\u00eda bueno<\/strong><strong>\u201d<\/strong><strong>\u00a0<\/strong>de Matthias Bruhn, <strong>\u201c<\/strong><strong>La novela de mi alma<\/strong><strong>\u201d<\/strong>\u00a0de Solweig Von Kleist, <strong>\u201c<\/strong><strong>Al final del mundo<\/strong><strong>\u201d<\/strong>\u00a0de Konstantin Bronzit, <strong>\u201c<\/strong><strong>Dulce<\/strong><strong>\u201d<\/strong>\u00a0de Gael Brisou, <strong>\u201c<\/strong><strong>Kali el vampirito<\/strong><strong>\u201d<\/strong>\u00a0de Regina Pessoa, \u201c<strong>El banquete de la concubina<\/strong><strong>\u201d<\/strong>\u00a0de Hefang Wei, y <strong>\u201c<\/strong><strong>Los de arriba<\/strong><strong>\u201d<\/strong>\u00a0de Izu Troin.<\/p>\n<p>El <strong>jueves 25 de octubre<\/strong> cerrar\u00e1 la muestra con <strong>\u201c<\/strong><strong>El malvado zorro feroz<\/strong><strong>\u201d<\/strong>\u00a0 (<em>Le grand m\u00e9chant Renard<\/em>), una cinta animada para toda la familia, dirigida por Benjamin Renner y Patrick Imbert que aborda temas como la vida familiar, la amistad y la ecolog\u00eda.<\/p>\n<p>El p\u00fablico podr\u00e1 disfrutar de esta muestra de cine franc\u00e9s, los jueves 4, 11, 18 y 25 de octubre de 2018 a las 5 pm, en\u00a0 la Sala Cabrujas de Cultura Chacao, ubicada en la 3era avenida de los Palos Grandes. La entrada es gratis.<\/p>\n<p>Mayor informaci\u00f3n puede ser solicitada por la p\u00e1gina web: <a href=\"http:\/\/cultura.chacao.gob.ve\" data-saferedirecturl=\"https:\/\/www.google.com\/url?q=http:\/\/cultura.chacao.gob.ve&amp;source=gmail&amp;ust=1538922604437000&amp;usg=AFQjCNEnem4szg4DWMG3ubrdGm3bXEysag\">cultura.chacao.gob.ve<\/a>, a trav\u00e9s de la cuenta de Twitter: <a href=\"https:\/\/twitter.com\/culturachacao\" data-saferedirecturl=\"https:\/\/www.google.com\/url?q=https:\/\/twitter.com\/culturachacao&amp;source=gmail&amp;ust=1538922604438000&amp;usg=AFQjCNEzmCTDRbV4QMeMhN__IQ6-G6b86Q\">@culturachacao<\/a>Facebook: <a href=\"https:\/\/www.facebook.com\/culturachacao.org\" data-saferedirecturl=\"https:\/\/www.google.com\/url?q=https:\/\/www.facebook.com\/culturachacao.org&amp;source=gmail&amp;ust=1538922604438000&amp;usg=AFQjCNEdtqYOP3NiV2mumCo8SX-ps945Lw\">culturachacao.org<\/a> Instagram: <a href=\"https:\/\/instagram.com\/culturachacao\/\" data-saferedirecturl=\"https:\/\/www.google.com\/url?q=https:\/\/instagram.com\/culturachacao\/&amp;source=gmail&amp;ust=1538922604438000&amp;usg=AFQjCNEgguBEAflNmXWUWkZzblNJaxqpsg\">culturachacao<\/a><\/p>\n","protected":false},"excerpt":{"rendered":"<p>En el marco de la programaci\u00f3n aniversaria de los 25 a\u00f1os de Cultura Chacao se ofrecer\u00e1 una muestra de cine franc\u00e9s perteneciente al Ciclo de \u00d3peras Primas de j\u00f3venes realizadores y a la 9\u00ba Fiesta de cine animado ANIMANDINO, en cuatro funciones que tendr\u00e1n lugar los d\u00edas jueves 4, 11, 18 y 25 de octubre [&hellip;]<\/p>\n","protected":false},"author":2,"featured_media":3196,"comment_status":"closed","ping_status":"open","sticky":false,"template":"","format":"standard","meta":[],"categories":[463,2],"tags":[2732,2739,2728,2741,2745,2737,2736,2729,2738,277,2735,2742,2743,2744,2734,2740,309,2730,2731,2746,2733,294],"wppr_data":[],"_links":{"self":[{"href":"https:\/\/www.notaoficial.com\/s\/wp-json\/wp\/v2\/posts\/3195"}],"collection":[{"href":"https:\/\/www.notaoficial.com\/s\/wp-json\/wp\/v2\/posts"}],"about":[{"href":"https:\/\/www.notaoficial.com\/s\/wp-json\/wp\/v2\/types\/post"}],"author":[{"embeddable":true,"href":"https:\/\/www.notaoficial.com\/s\/wp-json\/wp\/v2\/users\/2"}],"replies":[{"embeddable":true,"href":"https:\/\/www.notaoficial.com\/s\/wp-json\/wp\/v2\/comments?post=3195"}],"version-history":[{"count":1,"href":"https:\/\/www.notaoficial.com\/s\/wp-json\/wp\/v2\/posts\/3195\/revisions"}],"predecessor-version":[{"id":3197,"href":"https:\/\/www.notaoficial.com\/s\/wp-json\/wp\/v2\/posts\/3195\/revisions\/3197"}],"wp:featuredmedia":[{"embeddable":true,"href":"https:\/\/www.notaoficial.com\/s\/wp-json\/wp\/v2\/media\/3196"}],"wp:attachment":[{"href":"https:\/\/www.notaoficial.com\/s\/wp-json\/wp\/v2\/media?parent=3195"}],"wp:term":[{"taxonomy":"category","embeddable":true,"href":"https:\/\/www.notaoficial.com\/s\/wp-json\/wp\/v2\/categories?post=3195"},{"taxonomy":"post_tag","embeddable":true,"href":"https:\/\/www.notaoficial.com\/s\/wp-json\/wp\/v2\/tags?post=3195"}],"curies":[{"name":"wp","href":"https:\/\/api.w.org\/{rel}","templated":true}]}}