{"id":3201,"date":"2018-10-09T16:27:40","date_gmt":"2018-10-09T20:27:40","guid":{"rendered":"http:\/\/www.notaoficial.com\/s\/?p=3201"},"modified":"2018-10-06T11:29:49","modified_gmt":"2018-10-06T15:29:49","slug":"cc-ramon-vasquez-brito-da-inicio-a-talleres-permanentes","status":"publish","type":"post","link":"https:\/\/www.notaoficial.com\/s\/2018\/10\/09\/cc-ramon-vasquez-brito-da-inicio-a-talleres-permanentes\/","title":{"rendered":"CC Ram\u00f3n V\u00e1squez Brito da inicio a talleres permanentes"},"content":{"rendered":"<p>La Casa de la Cultura \u201cRam\u00f3n V\u00e1squez Brito\u201d, dar\u00e1 inicio a sus talleres permanentes de formaci\u00f3n para ni\u00f1os y adultos a partir del pr\u00f3ximo lunes 8 de octubre, seg\u00fan dio a conocer Ismael Felipe, director del referido espacio cultural. Las inscripciones estar\u00e1n abiertas hasta el 5 de octubre, en un horario comprendido entre las 9:00 am y 3:30 pm.<\/p>\n<p>Los talleres son que se ofrecer\u00e1n en la CC Ram\u00f3n V\u00e1squez Brito son gratuitos: Teatro con Pedro Pablo Castellano, Canto con Belkis Garc\u00eda, Pintura con Benilde Rodr\u00edguez, Cuatro con Cornelio Bol\u00edvar, Danza Arabe con Karina Naja y Flamenco con Macarena Gutierrez. Agreg\u00f3 Felipe que a partir del 2 de octubre comenzar\u00e1n las clases magistrales en diferentes disciplinas.<\/p>\n<p>Destac\u00f3 Felipe que estas actividades forman parte de la pol\u00edtica cultural que adelanta la gesti\u00f3n del gobernador Alfredo D\u00edaz conjuntamente con Jorge Marcano Presidente del Iadecebne, para ofrecer a los margarite\u00f1os oportunidades de formaci\u00f3n en diversas disciplinas art\u00edsticas, impulsando la formaci\u00f3n de un nuevo semillero. Adem\u00e1s el director de la Casa Ram\u00f3n V\u00e1squez Brito, hizo un llamado a empresarios y a la comunidad en general a unirse al ejecutivo regional para la recuperaci\u00f3n de este importante espacio cultural<\/p>\n","protected":false},"excerpt":{"rendered":"<p>La Casa de la Cultura \u201cRam\u00f3n V\u00e1squez Brito\u201d, dar\u00e1 inicio a sus talleres permanentes de formaci\u00f3n para ni\u00f1os y adultos a partir del pr\u00f3ximo lunes 8 de octubre, seg\u00fan dio a conocer Ismael Felipe, director del referido espacio cultural. Las inscripciones estar\u00e1n abiertas hasta el 5 de octubre, en un horario comprendido entre las 9:00 [&hellip;]<\/p>\n","protected":false},"author":2,"featured_media":3172,"comment_status":"closed","ping_status":"open","sticky":false,"template":"","format":"standard","meta":[],"categories":[463,2],"tags":[2062,2754,1347,2753,1426,2757,2756,2758,2760,1344,2761,2759,1345,2752,2755,2751],"wppr_data":[],"_links":{"self":[{"href":"https:\/\/www.notaoficial.com\/s\/wp-json\/wp\/v2\/posts\/3201"}],"collection":[{"href":"https:\/\/www.notaoficial.com\/s\/wp-json\/wp\/v2\/posts"}],"about":[{"href":"https:\/\/www.notaoficial.com\/s\/wp-json\/wp\/v2\/types\/post"}],"author":[{"embeddable":true,"href":"https:\/\/www.notaoficial.com\/s\/wp-json\/wp\/v2\/users\/2"}],"replies":[{"embeddable":true,"href":"https:\/\/www.notaoficial.com\/s\/wp-json\/wp\/v2\/comments?post=3201"}],"version-history":[{"count":1,"href":"https:\/\/www.notaoficial.com\/s\/wp-json\/wp\/v2\/posts\/3201\/revisions"}],"predecessor-version":[{"id":3202,"href":"https:\/\/www.notaoficial.com\/s\/wp-json\/wp\/v2\/posts\/3201\/revisions\/3202"}],"wp:featuredmedia":[{"embeddable":true,"href":"https:\/\/www.notaoficial.com\/s\/wp-json\/wp\/v2\/media\/3172"}],"wp:attachment":[{"href":"https:\/\/www.notaoficial.com\/s\/wp-json\/wp\/v2\/media?parent=3201"}],"wp:term":[{"taxonomy":"category","embeddable":true,"href":"https:\/\/www.notaoficial.com\/s\/wp-json\/wp\/v2\/categories?post=3201"},{"taxonomy":"post_tag","embeddable":true,"href":"https:\/\/www.notaoficial.com\/s\/wp-json\/wp\/v2\/tags?post=3201"}],"curies":[{"name":"wp","href":"https:\/\/api.w.org\/{rel}","templated":true}]}}