{"id":3268,"date":"2018-10-18T19:33:39","date_gmt":"2018-10-18T23:33:39","guid":{"rendered":"http:\/\/www.notaoficial.com\/s\/?p=3268"},"modified":"2018-10-18T19:33:39","modified_gmt":"2018-10-18T23:33:39","slug":"cedca-enseno-como-conciliar-a-estudiantes-de-la-ucab","status":"publish","type":"post","link":"https:\/\/www.notaoficial.com\/s\/2018\/10\/18\/cedca-enseno-como-conciliar-a-estudiantes-de-la-ucab\/","title":{"rendered":"CEDCA ense\u00f1\u00f3 c\u00f3mo conciliar a estudiantes de la UCAB"},"content":{"rendered":"<p>El Centro Empresarial de Conciliaci\u00f3n y Arbitraje (CEDCA) dict\u00f3 dos conferencias sobre mediaci\u00f3n a los alumnos del 5to a\u00f1o de Derecho de la Universidad Cat\u00f3lica Andr\u00e9s Bello (UCAB), como parte del Programa conjunto de Conciliaci\u00f3n Social y Comunitaria.<\/p>\n<p>La Directora Ejecutiva del CEDCA, Mar\u00eda Alejandra Gonz\u00e1lez, explic\u00f3 que el convenio entre esa instancia y la casa de estudios, existe desde 2010 y busca brindarle herramientas a los futuros abogados sobre los medios alternativos para la resoluci\u00f3n de conflictos.<\/p>\n<p>Explic\u00f3 que el objetivo del Programa es difundir y hacer conocer las bondades de la conciliaci\u00f3n, a las comunidades de escasos recursos que usualmente son atendidas por la Cl\u00ednica Jur\u00eddica de la UCAB.<\/p>\n<p>En la primera charla, en la que participaron unos 40 estudiantes, Gonz\u00e1lez y la abogada adjunta al CEDCA, Ana Karina Calder\u00edn, explicaron los fundamentos de la mediaci\u00f3n y el arbitraje para que los estudiantes puedan usarlos en los casos que tendr\u00e1n que atender como parte de su servicio comunitario.<\/p>\n<p>Ambas abogadas resaltaron que estos mecanismos permiten una soluci\u00f3n r\u00e1pida y econ\u00f3mica a las partes que facilita el restablecimiento o terminaci\u00f3n de relaciones personales y comerciales.<\/p>\n<p>Agregaron que lo ideal en una conciliaci\u00f3n es alcanzar un acuerdo en el cual las partes reconocen sus intereses mutuos y aceptan modificar sus conductas de forma que sean beneficiosas para ambas.<\/p>\n<p>Gonz\u00e1lez se\u00f1al\u00f3 que \u201cse trat\u00f3 de una experiencia enriquecedora, donde los j\u00f3venes universitarios demostraron gran inter\u00e9s por aprender a ser mediadores en circunstancias que ameriten la intervenci\u00f3n de un tercero neutral, siempre y cuando las partes lo aprueben\u201d.<\/p>\n<p>Asever\u00f3 que el trabajo de difusi\u00f3n, promoci\u00f3n, capacitaci\u00f3n y entrenamiento sobre el uso de la conciliaci\u00f3n, permitir\u00e1 a los miembros de las comunidades que se beneficien, resaltar los valores ciudadanos y reducir los \u00edndices de violencia.<\/p>\n<p>El CEDCA es un centro independiente, vinculado con la C\u00e1mara Venezolano-Americana de Comercio e Industria (Venamcham), que provee servicios de conciliaci\u00f3n y arbitraje, efectivos, \u00e1giles y transparentes, al cual pueden acudir personas tanto jur\u00eddicas como naturales, privadas o p\u00fablicas, para resolver sus disputas comerciales, en el marco del ordenamiento jur\u00eddico nacional e internacional.<\/p>\n<p>Para conocer m\u00e1s sobre este medio alternativo de resoluci\u00f3n de controversias, y sus servicios, puede consultar la p\u00e1gina web: <a href=\"https:\/\/www.cedca.org.ve\">https:\/\/www.cedca.org.ve<\/a>, o seguirlos en sus redes sociales, Twitter @CEDCAorg, Linkedin o Instagram @cedcaorg.<\/p>\n","protected":false},"excerpt":{"rendered":"<p>El Centro Empresarial de Conciliaci\u00f3n y Arbitraje (CEDCA) dict\u00f3 dos conferencias sobre mediaci\u00f3n a los alumnos del 5to a\u00f1o de Derecho de la Universidad Cat\u00f3lica Andr\u00e9s Bello (UCAB), como parte del Programa conjunto de Conciliaci\u00f3n Social y Comunitaria. La Directora Ejecutiva del CEDCA, Mar\u00eda Alejandra Gonz\u00e1lez, explic\u00f3 que el convenio entre esa instancia y la [&hellip;]<\/p>\n","protected":false},"author":2,"featured_media":3269,"comment_status":"closed","ping_status":"open","sticky":false,"template":"","format":"standard","meta":[],"categories":[2710,140,2],"tags":[2925,2712,2926,1172],"wppr_data":[],"_links":{"self":[{"href":"https:\/\/www.notaoficial.com\/s\/wp-json\/wp\/v2\/posts\/3268"}],"collection":[{"href":"https:\/\/www.notaoficial.com\/s\/wp-json\/wp\/v2\/posts"}],"about":[{"href":"https:\/\/www.notaoficial.com\/s\/wp-json\/wp\/v2\/types\/post"}],"author":[{"embeddable":true,"href":"https:\/\/www.notaoficial.com\/s\/wp-json\/wp\/v2\/users\/2"}],"replies":[{"embeddable":true,"href":"https:\/\/www.notaoficial.com\/s\/wp-json\/wp\/v2\/comments?post=3268"}],"version-history":[{"count":1,"href":"https:\/\/www.notaoficial.com\/s\/wp-json\/wp\/v2\/posts\/3268\/revisions"}],"predecessor-version":[{"id":3270,"href":"https:\/\/www.notaoficial.com\/s\/wp-json\/wp\/v2\/posts\/3268\/revisions\/3270"}],"wp:featuredmedia":[{"embeddable":true,"href":"https:\/\/www.notaoficial.com\/s\/wp-json\/wp\/v2\/media\/3269"}],"wp:attachment":[{"href":"https:\/\/www.notaoficial.com\/s\/wp-json\/wp\/v2\/media?parent=3268"}],"wp:term":[{"taxonomy":"category","embeddable":true,"href":"https:\/\/www.notaoficial.com\/s\/wp-json\/wp\/v2\/categories?post=3268"},{"taxonomy":"post_tag","embeddable":true,"href":"https:\/\/www.notaoficial.com\/s\/wp-json\/wp\/v2\/tags?post=3268"}],"curies":[{"name":"wp","href":"https:\/\/api.w.org\/{rel}","templated":true}]}}