{"id":3277,"date":"2018-10-18T23:48:04","date_gmt":"2018-10-19T03:48:04","guid":{"rendered":"http:\/\/www.notaoficial.com\/s\/?p=3277"},"modified":"2018-10-18T19:50:50","modified_gmt":"2018-10-18T23:50:50","slug":"abel-se-aduena-del-sitial-de-honor-en-national-report","status":"publish","type":"post","link":"https:\/\/www.notaoficial.com\/s\/2018\/10\/18\/abel-se-aduena-del-sitial-de-honor-en-national-report\/","title":{"rendered":"Abel se adue\u00f1a del sitial de honor en National Report"},"content":{"rendered":"<p><strong>Abel est\u00e1, definitivamente, disfrutando de uno de los mejores momentos de su carrera.<\/strong> Es que, despu\u00e9s de haber estado en tres oportunidades en el #1 de la categor\u00eda Crossover del National Report con su tema \u201cNo te puedo olvidar\u201d, el cantante celebra un logro m\u00e1s en las radios venezolanas, pues, <strong>por primera vez, se apoder\u00f3 del sitial de honor del rengl\u00f3n general de la importante cartelera nacional.<\/strong><\/p>\n<p>\u00c9ste es el cuarto tema promocional del arag\u00fce\u00f1o, quien ha recorrido este medio art\u00edstico con mucho empe\u00f1o y entusiasmo. \u201cS\u00faper contento. Es un tema que me gusta mucho porque es una historia personal. Se merec\u00eda el #1 porque hemos trabajado una promoci\u00f3n muy completa, lo que ha hecho que tenga una receptividad muy buena en el p\u00fablico\u201d, comenta el cantautor.<\/p>\n<p><strong>El tema, producido por Juan Miguel, con letra del mismo Abel, ha sido uno de los m\u00e1s sonados del cantante,<\/strong> que arranc\u00f3 su carrera en 2015. <strong>Cuenta con un videoclip dirigido por Poe Polanco, en conjunto con Manucci, que fue filmado en el Colegio Teresiano de El Para\u00edso, Caracas.<\/strong><\/p>\n<p><strong>\u201c<\/strong>El video es completamente diferente a lo que he hecho antes, estoy convencido de que ser\u00e1 el mejor de todos los que he hecho. Tiene m\u00e1s de 30 mil vistas en Youtube, que se han sumado de forma completamente org\u00e1nica\u201d, agrega.<\/p>\n<p>Siguiendo con la estrategia actual, el joven int\u00e9rprete ha lanzado a trav\u00e9s de las redes sociales los temas \u201cLa nota\u201d y \u201cAhora no quiero\u201d, ambos compuestos por el arag\u00fce\u00f1o.<\/p>\n<p><strong>Para conocer m\u00e1s acerca de este talentoso artista, no duden en seguirlo en sus redes sociales como @abelmusica.<\/strong><\/p>\n","protected":false},"excerpt":{"rendered":"<p>Abel est\u00e1, definitivamente, disfrutando de uno de los mejores momentos de su carrera. Es que, despu\u00e9s de haber estado en tres oportunidades en el #1 de la categor\u00eda Crossover del National Report con su tema \u201cNo te puedo olvidar\u201d, el cantante celebra un logro m\u00e1s en las radios venezolanas, pues, por primera vez, se apoder\u00f3 [&hellip;]<\/p>\n","protected":false},"author":2,"featured_media":3278,"comment_status":"closed","ping_status":"open","sticky":false,"template":"","format":"standard","meta":[],"categories":[463,2],"tags":[614,49,2942,2941,616,1357],"wppr_data":[],"_links":{"self":[{"href":"https:\/\/www.notaoficial.com\/s\/wp-json\/wp\/v2\/posts\/3277"}],"collection":[{"href":"https:\/\/www.notaoficial.com\/s\/wp-json\/wp\/v2\/posts"}],"about":[{"href":"https:\/\/www.notaoficial.com\/s\/wp-json\/wp\/v2\/types\/post"}],"author":[{"embeddable":true,"href":"https:\/\/www.notaoficial.com\/s\/wp-json\/wp\/v2\/users\/2"}],"replies":[{"embeddable":true,"href":"https:\/\/www.notaoficial.com\/s\/wp-json\/wp\/v2\/comments?post=3277"}],"version-history":[{"count":1,"href":"https:\/\/www.notaoficial.com\/s\/wp-json\/wp\/v2\/posts\/3277\/revisions"}],"predecessor-version":[{"id":3279,"href":"https:\/\/www.notaoficial.com\/s\/wp-json\/wp\/v2\/posts\/3277\/revisions\/3279"}],"wp:featuredmedia":[{"embeddable":true,"href":"https:\/\/www.notaoficial.com\/s\/wp-json\/wp\/v2\/media\/3278"}],"wp:attachment":[{"href":"https:\/\/www.notaoficial.com\/s\/wp-json\/wp\/v2\/media?parent=3277"}],"wp:term":[{"taxonomy":"category","embeddable":true,"href":"https:\/\/www.notaoficial.com\/s\/wp-json\/wp\/v2\/categories?post=3277"},{"taxonomy":"post_tag","embeddable":true,"href":"https:\/\/www.notaoficial.com\/s\/wp-json\/wp\/v2\/tags?post=3277"}],"curies":[{"name":"wp","href":"https:\/\/api.w.org\/{rel}","templated":true}]}}