{"id":3298,"date":"2018-10-21T22:19:25","date_gmt":"2018-10-22T02:19:25","guid":{"rendered":"http:\/\/www.notaoficial.com\/s\/?p=3298"},"modified":"2018-10-21T21:28:14","modified_gmt":"2018-10-22T01:28:14","slug":"yoga-en-sintesis-oriente-ofrece-formacion-certificada-de-profesores-de-yoga","status":"publish","type":"post","link":"https:\/\/www.notaoficial.com\/s\/2018\/10\/21\/yoga-en-sintesis-oriente-ofrece-formacion-certificada-de-profesores-de-yoga\/","title":{"rendered":"Yoga en S\u00edntesis Oriente ofrece formaci\u00f3n certificada de profesores de Yoga"},"content":{"rendered":"<p>En el marco de su diplomado para la formaci\u00f3n de profesores de yoga, Yoga en S\u00edntesis Oriente anunci\u00f3 sus pr\u00f3ximos talleres a efectuarse a finales de octubre en Lecher\u00edas y la isla de Margarita. Explic\u00f3 Ray Viloria, quien dirige la Comunidad Yoga en S\u00edntesis Oriente, que este diplomado es una certificaci\u00f3n avalada por la Asociaci\u00f3n Internacional de Yoga Yoghismo y Yoga Aliance, instituci\u00f3n que se encarga de certificar o colegiar escuelas y profesores de yoga egresados de cada una de esas escuelas a nivel internacional \u201cCuando una persona se grad\u00faa con nosotros, recibe un diploma que lo acredita como profesor de yoga con 200 horas de estudios, avalado por Yoga Aliance y por la Asociaci\u00f3n Internacional de Yoga Yoghismo y este diploma le permite dar clases dentro y fuera del pa\u00eds como un profesor certificado\u201d, dijo Viloria.<\/p>\n<p>\u201cCabe destacar que cualquiera sin importar su edad, sexo o condici\u00f3n f\u00edsica, puede hacer este diplomado que constituye una carrera dentro de su curr\u00edculum en cualquier lugar del mundo, adem\u00e1s de una herramienta para conocerse a s\u00ed mismo, por medio de una metodolog\u00eda que permite elevar el nivel de conciencia\u201d, agreg\u00f3 Viloria.<\/p>\n<p>La certificaci\u00f3n consta de 3 m\u00f3dulos o semestres: Ghathasta, Hatha Kriya Yoga y Raja Yoga, divididos a su vez en 6 talleres que se dictan una vez al mes. El diplomado es de car\u00e1cter circular lo que permitir\u00e1 que ingresen nuevos alumnos durante todo el desarrollo del mismo dependiendo la disponibilidad de cupos. En Margarita se llevan a cabo en la Universidad Corporativa Sigo el tercer fin de semana de cada mes y en Lecher\u00eda en el Centro Namaste el segundo fin de semana de cada mes. Los profesores son egresados de la Asociaci\u00f3n Internacional de Yoga Yoghismo, algunos venezolanos y otros vienen de otros pa\u00edses, la mayor\u00eda de M\u00e9xico, donde se encuentra la sede principal de esta Asociaci\u00f3n.<\/p>\n<p>Para el pr\u00f3ximo mi\u00e9rcoles 24 de octubre, de 8.00 am a 5:00 pm y jueves 25 de octubre de 8:00 am a 12:00 m se realizar\u00e1 el Taller Mantra Yoga (Musicoterapia y Meditaci\u00f3n Activa), con el profesor Rafael Aranda (M\u00e9xico), en el Centro Namaste de Lecher\u00eda. El s\u00e1bado 27 de octubre de 8.00 am a 5:00 pm y domingo 28 de octubre de 8:00 am a 12:00 m se realizar\u00e1 el Taller \u00c2sana Hatha Yoga II con el profesor Rafael Aranda (M\u00e9xico), en la Universidad Corporativa Sigo de Margarita.<\/p>\n<p>Promoviendo el bienestar integral<\/p>\n<p>La Asociaci\u00f3n Internacional de Yoga Yoghismo tiene aproximadamente 17 a\u00f1os y 9 a\u00f1os ac\u00e1 en Venezuela. Es uno de los movimientos culturales que promueve el yoga como una metodolog\u00eda de bienestar integral en toda latinoam\u00e9rica, con presencia en 12 pa\u00edses entre latinoam\u00e9rica y Europa, aproximadamente en unas 60 ciudades. En Margarita est\u00e1 cursando la segunda generaci\u00f3n de profesores y practicantes expertos de yoga y en Lecher\u00eda el mes de noviembre se grad\u00faa la primera generaci\u00f3n de profesores y practicantes expertos de yoga.<\/p>\n<p>Seg\u00fan Ray Viloria, bajo el respaldo de la Asociaci\u00f3n Internacional de Yoga Yoghismo unas 250 personas han estudiado en Yoga en S\u00edntesis Oriente, graduando un primer grupo de 25 personas y actualmente en Lecher\u00eda est\u00e1n por graduarse 15 personas. \u201cTodos los profesores formados por la asociaci\u00f3n van a continuar con este legado sembrando esa semilla de conciencia y de uni\u00f3n, a trav\u00e9s de una metodolog\u00eda de bienestar integral que nos provee de herramientas para surfear la ola de la vida, que puede tener crisis en alg\u00fan momento o victoria en otro. Aprendiendo a levantarte desde el aprendizaje y no desde el sufrimiento\u201d, concluy\u00f3.<\/p>\n<p>Para mayor informaci\u00f3n contactar a trav\u00e9s de la web www.yogaoriente.com o por las redes sociales Instagram: @yogaoriente Facebook Yoga Oriente Yoga Oriente<\/p>\n","protected":false},"excerpt":{"rendered":"<p>En el marco de su diplomado para la formaci\u00f3n de profesores de yoga, Yoga en S\u00edntesis Oriente anunci\u00f3 sus pr\u00f3ximos talleres a efectuarse a finales de octubre en Lecher\u00edas y la isla de Margarita. Explic\u00f3 Ray Viloria, quien dirige la Comunidad Yoga en S\u00edntesis Oriente, que este diplomado es una certificaci\u00f3n avalada por la Asociaci\u00f3n [&hellip;]<\/p>\n","protected":false},"author":2,"featured_media":3299,"comment_status":"closed","ping_status":"open","sticky":false,"template":"","format":"standard","meta":[],"categories":[463,2],"tags":[2974,2975,843,2973,1962,1957,2979,2972,2978,2976,2977],"wppr_data":[],"_links":{"self":[{"href":"https:\/\/www.notaoficial.com\/s\/wp-json\/wp\/v2\/posts\/3298"}],"collection":[{"href":"https:\/\/www.notaoficial.com\/s\/wp-json\/wp\/v2\/posts"}],"about":[{"href":"https:\/\/www.notaoficial.com\/s\/wp-json\/wp\/v2\/types\/post"}],"author":[{"embeddable":true,"href":"https:\/\/www.notaoficial.com\/s\/wp-json\/wp\/v2\/users\/2"}],"replies":[{"embeddable":true,"href":"https:\/\/www.notaoficial.com\/s\/wp-json\/wp\/v2\/comments?post=3298"}],"version-history":[{"count":1,"href":"https:\/\/www.notaoficial.com\/s\/wp-json\/wp\/v2\/posts\/3298\/revisions"}],"predecessor-version":[{"id":3300,"href":"https:\/\/www.notaoficial.com\/s\/wp-json\/wp\/v2\/posts\/3298\/revisions\/3300"}],"wp:featuredmedia":[{"embeddable":true,"href":"https:\/\/www.notaoficial.com\/s\/wp-json\/wp\/v2\/media\/3299"}],"wp:attachment":[{"href":"https:\/\/www.notaoficial.com\/s\/wp-json\/wp\/v2\/media?parent=3298"}],"wp:term":[{"taxonomy":"category","embeddable":true,"href":"https:\/\/www.notaoficial.com\/s\/wp-json\/wp\/v2\/categories?post=3298"},{"taxonomy":"post_tag","embeddable":true,"href":"https:\/\/www.notaoficial.com\/s\/wp-json\/wp\/v2\/tags?post=3298"}],"curies":[{"name":"wp","href":"https:\/\/api.w.org\/{rel}","templated":true}]}}