{"id":3323,"date":"2018-10-23T08:00:45","date_gmt":"2018-10-23T12:00:45","guid":{"rendered":"http:\/\/www.notaoficial.com\/s\/?p=3323"},"modified":"2018-10-22T16:07:41","modified_gmt":"2018-10-22T20:07:41","slug":"la-asociacion-civil-ninos-de-la-luz-recibio-calor-familiar","status":"publish","type":"post","link":"https:\/\/www.notaoficial.com\/s\/2018\/10\/23\/la-asociacion-civil-ninos-de-la-luz-recibio-calor-familiar\/","title":{"rendered":"La Asociaci\u00f3n Civil ni\u00f1os de la luz recibi\u00f3 calor familiar"},"content":{"rendered":"<p>Desde 1995, la Asociaci\u00f3n Civil Ni\u00f1os de la Luz se ha dedicado a acoger a peque\u00f1os y adolescentes en situaciones desfavorables, para ofrecerles esperanza y calor familiar, con la ayuda de solidarias \u00a0empresas como Coposa.<\/p>\n<p>Enfocados en esto, la organizaci\u00f3n sin fines de lucro ha creado la estructura de un hogar modelo, donde los \u00a0infantes cuentan con tres comidas diarias, meriendas, educaci\u00f3n, recreaci\u00f3n y la \u00a0gu\u00eda de padres y t\u00edos sustitutos, que les \u00a0ayudan a integrarse a la sociedad.<\/p>\n<p>\u201cSer testigo del crecimiento de estos peque\u00f1os y ver la felicidad con la que transitan ese camino, es nuestra mayor recompensa\u201d explic\u00f3 Yulimar Araque, coordinadora institucional de la\u00a0 asociaci\u00f3n.<\/p>\n<p>Un equipo multidisciplinario de maestras, trabajadores sociales, psic\u00f3logos, psicopedagogos, cocineras, secretarias y coordinadores de insumos, tambi\u00e9n forman parte de esta importante labor.<\/p>\n<p><strong>Unidos por una noble causa<\/strong><\/p>\n<p>Son muchas las \u00a0empresas que apoyan a esta organizaci\u00f3n, entre las que destaca el solidario equipo de Coposa,\u00a0 quien brind\u00f3 un taller de elaboraci\u00f3n de alimentos para los menores, entre 6 y 12 a\u00f1os de edad, que hacen vida en la casa hogar en Filas de Mariche.<\/p>\n<p>En pro de contribuir con la formaci\u00f3n de los infantes, la empresa oleaginosa aport\u00f3 todos los insumos necesarios para la realizaci\u00f3n de este curso. Adem\u00e1s, les obsequi\u00f3 juguetes tradicionales y un kit escolar, en ocasi\u00f3n del regreso a clases.<\/p>\n<p>\u201cFelices y emocionados\u201d fue como Araque describi\u00f3 la reacci\u00f3n de los ni\u00f1os. \u201cEn el instante en que se colocaron los delantales comenzaron a entusiasmarse, porque dec\u00edan que se sent\u00edan como todos unos chefs\u201d, coment\u00f3,\u00a0 al tiempo que agradeci\u00f3 el apoyo, pues forma parte del valor educativo y de formaci\u00f3n de los peque\u00f1os que ocupan los espacios de la asociaci\u00f3n.<\/p>\n<p>Por su parte, Isabel Hern\u00e1ndez, jefe de mercadeo de Coposa, se\u00f1al\u00f3 que \u201ccon esta informaci\u00f3n, hoy los ni\u00f1os conocen m\u00e1s sobre \u00a0la gastronom\u00eda venezolana, y tienen una idea m\u00e1s clara de lo que \u00a0est\u00e1n consumiendo, valorando adem\u00e1s de la importancia que reviste la \u00a0higiene y manipulaci\u00f3n de los alimentos\u201d.<\/p>\n","protected":false},"excerpt":{"rendered":"<p>Desde 1995, la Asociaci\u00f3n Civil Ni\u00f1os de la Luz se ha dedicado a acoger a peque\u00f1os y adolescentes en situaciones desfavorables, para ofrecerles esperanza y calor familiar, con la ayuda de solidarias \u00a0empresas como Coposa. Enfocados en esto, la organizaci\u00f3n sin fines de lucro ha creado la estructura de un hogar modelo, donde los \u00a0infantes [&hellip;]<\/p>\n","protected":false},"author":2,"featured_media":3325,"comment_status":"closed","ping_status":"open","sticky":false,"template":"","format":"standard","meta":[],"categories":[1372,93,2],"tags":[3066,951,3068,1524,3067],"wppr_data":[],"_links":{"self":[{"href":"https:\/\/www.notaoficial.com\/s\/wp-json\/wp\/v2\/posts\/3323"}],"collection":[{"href":"https:\/\/www.notaoficial.com\/s\/wp-json\/wp\/v2\/posts"}],"about":[{"href":"https:\/\/www.notaoficial.com\/s\/wp-json\/wp\/v2\/types\/post"}],"author":[{"embeddable":true,"href":"https:\/\/www.notaoficial.com\/s\/wp-json\/wp\/v2\/users\/2"}],"replies":[{"embeddable":true,"href":"https:\/\/www.notaoficial.com\/s\/wp-json\/wp\/v2\/comments?post=3323"}],"version-history":[{"count":1,"href":"https:\/\/www.notaoficial.com\/s\/wp-json\/wp\/v2\/posts\/3323\/revisions"}],"predecessor-version":[{"id":3326,"href":"https:\/\/www.notaoficial.com\/s\/wp-json\/wp\/v2\/posts\/3323\/revisions\/3326"}],"wp:featuredmedia":[{"embeddable":true,"href":"https:\/\/www.notaoficial.com\/s\/wp-json\/wp\/v2\/media\/3325"}],"wp:attachment":[{"href":"https:\/\/www.notaoficial.com\/s\/wp-json\/wp\/v2\/media?parent=3323"}],"wp:term":[{"taxonomy":"category","embeddable":true,"href":"https:\/\/www.notaoficial.com\/s\/wp-json\/wp\/v2\/categories?post=3323"},{"taxonomy":"post_tag","embeddable":true,"href":"https:\/\/www.notaoficial.com\/s\/wp-json\/wp\/v2\/tags?post=3323"}],"curies":[{"name":"wp","href":"https:\/\/api.w.org\/{rel}","templated":true}]}}