{"id":3333,"date":"2018-10-23T16:21:08","date_gmt":"2018-10-23T20:21:08","guid":{"rendered":"http:\/\/www.notaoficial.com\/s\/?p=3333"},"modified":"2018-10-22T16:27:38","modified_gmt":"2018-10-22T20:27:38","slug":"gilmary-cana-apuesta-por-venezuela-exaltando-la-musica-llanera","status":"publish","type":"post","link":"https:\/\/www.notaoficial.com\/s\/2018\/10\/23\/gilmary-cana-apuesta-por-venezuela-exaltando-la-musica-llanera\/","title":{"rendered":"Gilmary Ca\u00f1a apuesta por Venezuela exaltando la m\u00fasica llanera"},"content":{"rendered":"<p>La cantante venezolana, Gilmary Ca\u00f1a, lanza su nuevo tema promocional titulado\u00a0<strong><em>\u00abLa Flor de la Raza\u00bb,\u00a0<\/em><\/strong>que combina ritmos originarios de su Elorza natal con una recia vocalizaci\u00f3n para ofrecer una nueva opci\u00f3n a los amantes de la m\u00fasica tradicional en Venezuela.<\/p>\n<p>Esta composici\u00f3n, que ya cuenta con video clip, est\u00e1 inspirada en\u00a0la mujer llanera, apasionada e inteligente que lucha por sus sue\u00f1os y que busca contar la historia de su pueblo.<\/p>\n<p>La\u00a0producci\u00f3n\u00a0de este proyecto cont\u00f3 con la participaci\u00f3n de un prestigioso equipo de m\u00fasicos encabezado por Elorzano Carmelo \u201cEl Pel\u00f3n Flores\u201d quien estuvo a cargo de la direcci\u00f3n de voz,\u00a0\u00a0Elio Corona en el arpa , Yosmar Cabrera en el cuatro, Milvier Ort\u00edz en el bajo y en las maracas, Alcides Rojas. La realizaci\u00f3n de video clip se realiz\u00f3 bajo la direcci\u00f3n de Argelia Bravo y Gustavo Marcano.<\/p>\n<p>Con la profunda convicci\u00f3n de brindar aliento a sus connacionales, Gilmary Ca\u00f1a, apuesta por seguir en Venezuela brindando su talento y principalmente su tes\u00f3n, a trav\u00e9s de la m\u00fasica.<\/p>\n<p><em>\u00abLa Flor de la Raza<strong>\u201d,\u00a0<\/strong><\/em>tambi\u00e9n es el<strong>\u00a0<\/strong>t\u00edtulo que impulsa su segundo disco en el que adem\u00e1s destacan\u00a0temas como\u00a0<em>\u201c<\/em><em>Tu Ausencia\u201d, \u201cSoy la Am\u00e9rica buscada\u201d\u00a0<\/em>y<em>\u00a0\u201cA los dos los necesito\u201d<\/em><\/p>\n<p>En<em>\u00a0<\/em>este nuevo trabajo se han involucrado grandes compositores que han conformado una bater\u00eda de canciones que apelan al sentimentalismo bien sea por el amor a su tierra como por decepciones del coraz\u00f3n. Destacan\u00a0los reconocidos cultores Alfredo Parra, Juan Carlos Rodr\u00edguez, Carlos Luis Calzadilla, Ariardo Guedez, Adri\u00e1n Dum, Angel Jim\u00e9nez, Ram\u00f3n Ojeda y Fremio Hidalgo.<\/p>\n<p>La carrera de Gilmary Ca\u00f1a ha estado marcada por el \u00e9xito desde sus primeros pasos. A partir de los 10 a\u00f1os comenz\u00f3 a hacerse acreedora de los principales premios de canto en festivales de la regi\u00f3n llanera de Venezuela, como La Voz de Oro 1999 en Elorza o el Pab\u00f3n de oro 2003 del Apure, difundi\u00e9ndose su nombre por toda la zona incluyendo los llanos colombianos.<\/p>\n<p>A los 20 a\u00f1os lanzaba su primer disco titulado\u00a0<strong><em>\u00abEterno no existe Nada\u00bb<\/em><\/strong>, que no solo la ubic\u00f3 en escena como una cantante de potente voz sino como una artista que exalta los valores locales a trav\u00e9s de una vestimenta con\u00a0elementos abor\u00edgenes de las comunidades Pum\u00e9 del Capanaparo de donde es originaria.<\/p>\n<p>Ante la diversificaci\u00f3n de la comunicaci\u00f3n, Gilmary Ca\u00f1a tambi\u00e9n muestra su talento en redes sociales. En Instagram est\u00e1 como\u00a0<em>@gilmarycana<\/em>\u00a0y en Facebook como\u00a0<em>Gilmary Ca\u00f1a III<\/em>.<\/p>\n","protected":false},"excerpt":{"rendered":"<p>La cantante venezolana, Gilmary Ca\u00f1a, lanza su nuevo tema promocional titulado\u00a0\u00abLa Flor de la Raza\u00bb,\u00a0que combina ritmos originarios de su Elorza natal con una recia vocalizaci\u00f3n para ofrecer una nueva opci\u00f3n a los amantes de la m\u00fasica tradicional en Venezuela. Esta composici\u00f3n, que ya cuenta con video clip, est\u00e1 inspirada en\u00a0la mujer llanera, apasionada e [&hellip;]<\/p>\n","protected":false},"author":2,"featured_media":3334,"comment_status":"closed","ping_status":"open","sticky":false,"template":"","format":"standard","meta":[],"categories":[463,2],"tags":[3082,3078,3083,3086,3081,3080,3088,3091,3085,3087,3079,3090,3084,3089],"wppr_data":[],"_links":{"self":[{"href":"https:\/\/www.notaoficial.com\/s\/wp-json\/wp\/v2\/posts\/3333"}],"collection":[{"href":"https:\/\/www.notaoficial.com\/s\/wp-json\/wp\/v2\/posts"}],"about":[{"href":"https:\/\/www.notaoficial.com\/s\/wp-json\/wp\/v2\/types\/post"}],"author":[{"embeddable":true,"href":"https:\/\/www.notaoficial.com\/s\/wp-json\/wp\/v2\/users\/2"}],"replies":[{"embeddable":true,"href":"https:\/\/www.notaoficial.com\/s\/wp-json\/wp\/v2\/comments?post=3333"}],"version-history":[{"count":2,"href":"https:\/\/www.notaoficial.com\/s\/wp-json\/wp\/v2\/posts\/3333\/revisions"}],"predecessor-version":[{"id":3336,"href":"https:\/\/www.notaoficial.com\/s\/wp-json\/wp\/v2\/posts\/3333\/revisions\/3336"}],"wp:featuredmedia":[{"embeddable":true,"href":"https:\/\/www.notaoficial.com\/s\/wp-json\/wp\/v2\/media\/3334"}],"wp:attachment":[{"href":"https:\/\/www.notaoficial.com\/s\/wp-json\/wp\/v2\/media?parent=3333"}],"wp:term":[{"taxonomy":"category","embeddable":true,"href":"https:\/\/www.notaoficial.com\/s\/wp-json\/wp\/v2\/categories?post=3333"},{"taxonomy":"post_tag","embeddable":true,"href":"https:\/\/www.notaoficial.com\/s\/wp-json\/wp\/v2\/tags?post=3333"}],"curies":[{"name":"wp","href":"https:\/\/api.w.org\/{rel}","templated":true}]}}