{"id":3337,"date":"2018-10-24T08:00:59","date_gmt":"2018-10-24T12:00:59","guid":{"rendered":"http:\/\/www.notaoficial.com\/s\/?p=3337"},"modified":"2018-10-23T15:30:01","modified_gmt":"2018-10-23T19:30:01","slug":"actividad-economica-de-america-latina-y-el-caribe-se-expandira-13-en-2018-y-18-en-2019","status":"publish","type":"post","link":"https:\/\/www.notaoficial.com\/s\/2018\/10\/24\/actividad-economica-de-america-latina-y-el-caribe-se-expandira-13-en-2018-y-18-en-2019\/","title":{"rendered":"Actividad econ\u00f3mica de Am\u00e9rica Latina y el Caribe se expandir\u00e1 1,3% en 2018 y 1,8% en 2019"},"content":{"rendered":"<p>La Comisi\u00f3n Econ\u00f3mica para Am\u00e9rica Latina y el Caribe (CEPAL) revis\u00f3 las proyecciones de crecimiento de la actividad econ\u00f3mica de la regi\u00f3n para 2018 y espera una expansi\u00f3n promedio de 1,3% en Am\u00e9rica Latina y el Caribe durante este a\u00f1o, levemente inferior a la pronosticada en agosto pasado (1,5%). Para 2019 se prev\u00e9 una tasa de crecimiento del 1,8%, seg\u00fan inform\u00f3 hoy mediante un comunicado de prensa.<\/p>\n<p>Como es habitual, la din\u00e1mica del crecimiento mostrar\u00e1 diferencias entre pa\u00edses y subregiones, indica la CEPAL. Las econom\u00edas de Am\u00e9rica del Sur, especializadas en la producci\u00f3n de bienes primarios, en especial petr\u00f3leo, minerales y alimentos, crecer\u00edan a una tasa positiva (0,7%) este a\u00f1o, levemente inferior al a\u00f1o anterior. Para el a\u00f1o 2019 se espera un mejor desempe\u00f1o en esta subregi\u00f3n, que crecer\u00eda 1,6% en promedio.<\/p>\n<p>Por su parte, para las econom\u00edas de Centroam\u00e9rica se estima una tasa de crecimiento de 3,2% para este a\u00f1o y de 3,3% para el 2019. Si se toma en cuenta Centroam\u00e9rica m\u00e1s M\u00e9xico, la proyecci\u00f3n para 2018 es de 2,4% y para 2019 de 2,5%.<\/p>\n<p>Para el Caribe de habla inglesa u holandesa se espera un crecimiento promedio de 1,9% para 2018, cifra revisada al alza respecto de la proyecci\u00f3n de agosto, principalmente por un mayor dinamismo en el sector petrolero de Trinidad y Tabago, la mayor econom\u00eda de la subregi\u00f3n, e influida en algunos casos por esfuerzos de gasto para la reconstrucci\u00f3n post desastres naturales. Para 2019, la tasa prevista para el Caribe es de 2,1%.<\/p>\n<p>Las proyecciones para 2019 se dan en un contexto de aumento de la incertidumbre y de los riesgos en el mediano plazo, indica la CEPAL. Un riesgo que subsiste para las econom\u00edas emergentes en general y, dentro de estas, para Am\u00e9rica Latina y el Caribe en particular, es el de un mayor deterioro del ambiente financiero internacional. Los altos niveles de deuda corporativa y soberana acumulados a lo largo de a\u00f1os de condiciones financieras globales laxas, constituyen un riesgo para algunas econom\u00edas m\u00e1s expuestas a los cambios en el escenario financiero (mayores necesidades de financiamiento externo, mayor proporci\u00f3n de la deuda en moneda extranjera, mayor proporci\u00f3n de deuda de corto plazo, entre otros).<\/p>\n<p>Adem\u00e1s, en los \u00faltimos meses han venido escalando las tensiones comerciales. Aunque \u00e9stas todav\u00eda solo se han visto reflejadas en moderadas revisiones a la baja del volumen proyectado de comercio mundial y de la actividad econ\u00f3mica global para el a\u00f1o 2019, constituyen un riesgo para la actividad econ\u00f3mica regional. Las tensiones comerciales suponen un riesgo no solo para el volumen de comercio global y la tasa de crecimiento del mundo a mediano plazo, sino tambi\u00e9n para los precios de las materias primas y para las propias condiciones financieras globales -que suelen estar vinculadas a la mayor o menor percepci\u00f3n de riesgos.<\/p>\n<p>Ante este escenario internacional, la demanda interna jugar\u00e1 un papel importante en el crecimiento de la regi\u00f3n durante el pr\u00f3ximo a\u00f1o, agrega la CEPAL. Aunque con diferencias entre pa\u00edses, se espera un mayor aporte de la inversi\u00f3n y tambi\u00e9n que el consumo privado siga siendo un motor relevante de la demanda interna en 2019.<\/p>\n<p><strong>M\u00e1s informaci\u00f3n:<\/strong><\/p>\n<ul>\n<li><a href=\"http:\/\/www.cepal.org\/sites\/default\/files\/pr\/files\/tabla-proyecciones_octubre-2018_esp.pdf\" data-saferedirecturl=\"https:\/\/www.google.com\/url?q=http:\/\/www.cepal.org\/sites\/default\/files\/pr\/files\/tabla-proyecciones_octubre-2018_esp.pdf&amp;source=gmail&amp;ust=1540408704008000&amp;usg=AFQjCNE-6s68j7SiqYtBUdl04VEvDhk4fA\">Tabla. Actualizaci\u00f3n de proyecciones de crecimiento de Am\u00e9rica Latina y el Caribe en 2018 y 2019<\/a>.<\/li>\n<\/ul>\n<p>Para consultas, contactar a la Unidad de Informaci\u00f3n P\u00fablica de la CEPAL.<\/p>\n<p>Correo electr\u00f3nico: <a href=\"mailto:prensa@cepal.org\">prensa@cepal.org<\/a>; tel\u00e9fono: (56) 22210 2040.<\/p>\n<p>S\u00edganos en: <a href=\"http:\/\/twitter.com\/cepal_onu\" data-saferedirecturl=\"https:\/\/www.google.com\/url?q=http:\/\/twitter.com\/cepal_onu&amp;source=gmail&amp;ust=1540408704008000&amp;usg=AFQjCNHXkF-2gAS6e-gasg14aD5T_AmRHg\">Twitter<\/a>, <a href=\"http:\/\/www.facebook.com\/cepal.onu\" data-saferedirecturl=\"https:\/\/www.google.com\/url?q=http:\/\/www.facebook.com\/cepal.onu&amp;source=gmail&amp;ust=1540408704008000&amp;usg=AFQjCNFDgfLBjrPUCQaobgNoGEXLfewryw\">Facebook<\/a>, <a href=\"http:\/\/www.flickr.com\/photos\/cepal\/\" data-saferedirecturl=\"https:\/\/www.google.com\/url?q=http:\/\/www.flickr.com\/photos\/cepal\/&amp;source=gmail&amp;ust=1540408704009000&amp;usg=AFQjCNEKRcaBR3L_kC2oFTzrF6KUgtkBOw\">Flickr<\/a>, <a href=\"http:\/\/www.youtube.com\/cepalonu\" data-saferedirecturl=\"https:\/\/www.google.com\/url?q=http:\/\/www.youtube.com\/cepalonu&amp;source=gmail&amp;ust=1540408704009000&amp;usg=AFQjCNEfPEfaZ8najt7QMKaDRahUsbafuw\">YouTube<\/a> y <a href=\"https:\/\/plus.google.com\/u\/0\/b\/113824395314145834669\/113824395314145834669\/posts\" data-saferedirecturl=\"https:\/\/www.google.com\/url?q=https:\/\/plus.google.com\/u\/0\/b\/113824395314145834669\/113824395314145834669\/posts&amp;source=gmail&amp;ust=1540408704009000&amp;usg=AFQjCNE5V-PxrNuE2n94FWZx6aX-Oupi5g\">Google+<\/a>.<\/p>\n<p>&nbsp;<\/p>\n","protected":false},"excerpt":{"rendered":"<p>La Comisi\u00f3n Econ\u00f3mica para Am\u00e9rica Latina y el Caribe (CEPAL) revis\u00f3 las proyecciones de crecimiento de la actividad econ\u00f3mica de la regi\u00f3n para 2018 y espera una expansi\u00f3n promedio de 1,3% en Am\u00e9rica Latina y el Caribe durante este a\u00f1o, levemente inferior a la pronosticada en agosto pasado (1,5%). Para 2019 se prev\u00e9 una tasa [&hellip;]<\/p>\n","protected":false},"author":2,"featured_media":3338,"comment_status":"closed","ping_status":"open","sticky":false,"template":"","format":"standard","meta":[],"categories":[1630,140,2],"tags":[210,3092,1027,1026,1992,3093],"wppr_data":[],"_links":{"self":[{"href":"https:\/\/www.notaoficial.com\/s\/wp-json\/wp\/v2\/posts\/3337"}],"collection":[{"href":"https:\/\/www.notaoficial.com\/s\/wp-json\/wp\/v2\/posts"}],"about":[{"href":"https:\/\/www.notaoficial.com\/s\/wp-json\/wp\/v2\/types\/post"}],"author":[{"embeddable":true,"href":"https:\/\/www.notaoficial.com\/s\/wp-json\/wp\/v2\/users\/2"}],"replies":[{"embeddable":true,"href":"https:\/\/www.notaoficial.com\/s\/wp-json\/wp\/v2\/comments?post=3337"}],"version-history":[{"count":1,"href":"https:\/\/www.notaoficial.com\/s\/wp-json\/wp\/v2\/posts\/3337\/revisions"}],"predecessor-version":[{"id":3340,"href":"https:\/\/www.notaoficial.com\/s\/wp-json\/wp\/v2\/posts\/3337\/revisions\/3340"}],"wp:featuredmedia":[{"embeddable":true,"href":"https:\/\/www.notaoficial.com\/s\/wp-json\/wp\/v2\/media\/3338"}],"wp:attachment":[{"href":"https:\/\/www.notaoficial.com\/s\/wp-json\/wp\/v2\/media?parent=3337"}],"wp:term":[{"taxonomy":"category","embeddable":true,"href":"https:\/\/www.notaoficial.com\/s\/wp-json\/wp\/v2\/categories?post=3337"},{"taxonomy":"post_tag","embeddable":true,"href":"https:\/\/www.notaoficial.com\/s\/wp-json\/wp\/v2\/tags?post=3337"}],"curies":[{"name":"wp","href":"https:\/\/api.w.org\/{rel}","templated":true}]}}