{"id":3360,"date":"2018-10-25T13:57:12","date_gmt":"2018-10-25T17:57:12","guid":{"rendered":"http:\/\/www.notaoficial.com\/s\/?p=3360"},"modified":"2018-10-23T17:08:10","modified_gmt":"2018-10-23T21:08:10","slug":"oppenheimer-presenta-charla-con-el-presidente-de-colombia","status":"publish","type":"post","link":"https:\/\/www.notaoficial.com\/s\/2018\/10\/25\/oppenheimer-presenta-charla-con-el-presidente-de-colombia\/","title":{"rendered":"Oppenheimer Presenta charla con el Presidente de Colombia"},"content":{"rendered":"<p>Este <strong>domingo 21 de octubre<\/strong> a las <strong>8<\/strong><strong>:00 p.m. (Miami\/Caracas),<\/strong> <strong>CNN en Espa\u00f1ol <\/strong>presentar\u00e1 una nueva emisi\u00f3n del programa <strong><em>Oppenheimer Presenta<\/em><\/strong> donde el reconocido periodista entrevistar\u00e1 al Presidente colombiano Iv\u00e1n Duque, quien en esta oportunidad conversar\u00e1 csobre la crisis en Venezuela y su posici\u00f3n frente al discurso pol\u00edtico de este pa\u00eds.<\/p>\n<p>El abogado, ex senador y representante del partido Centro Democr\u00e1tico, fue elegido el pasado mes de junio con m\u00e1s de 10 millones de votos y se convirti\u00f3 en el presidente m\u00e1s joven de la historia del pa\u00eds.<\/p>\n<p>Durante la entrevista, Duque afirm\u00f3: \u201c<em>n<\/em><em>o estamos en una carrera armamentista ni estamos apelando al discurso belicista frente a Venezuela. No podemos dejar que la dictadura de este pa\u00eds siga apelando a crear ese demonio de ficci\u00f3n de tener una amenaza militar para aferrarse al poder<\/em>\u201d.<\/p>\n<p>Adem\u00e1s, complement\u00f3 que \u201c<em>es importante buscar la mejor coordinaci\u00f3n internacional y utilizar todas las herramientas diplom\u00e1ticas y pol\u00edticas que tengamos en el ambiente internacional para acorralar esa dictadura<\/em>\u00ab.<\/p>\n<p>En cuanto a la situaci\u00f3n actual con el narcotr\u00e1fico y grupos armados, asegur\u00f3 que \u00ab<em>entre 2012 y 2018 Colombia creci\u00f3 de 50 mil hect\u00e1reas de coca a m\u00e1s de 200 mil, seg\u00fan los reportes del Departamento de Justicia de EE.UU. Si esos cultivos il\u00edcitos crecen, l\u00f3gicamente va a haber grupos armados que van a proteger ese negocio criminal<\/em>\u201d.<\/p>\n<p><strong>La entrevista con el Presidente Iv\u00e1n Duque, ser\u00e1 transmitir\u00e1 el domingo 21 de octubre a las 8:00 p.m. (Miami)\/Caracas) en el programa <em>Oppenheimer Presenta<\/em>, con repetici\u00f3n el lunes 22 a las 9:00 a.m. (Miami\/Caracas) en CNN en Espa\u00f1ol.<\/strong><\/p>\n","protected":false},"excerpt":{"rendered":"<p>Este domingo 21 de octubre a las 8:00 p.m. (Miami\/Caracas), CNN en Espa\u00f1ol presentar\u00e1 una nueva emisi\u00f3n del programa Oppenheimer Presenta donde el reconocido periodista entrevistar\u00e1 al Presidente colombiano Iv\u00e1n Duque, quien en esta oportunidad conversar\u00e1 csobre la crisis en Venezuela y su posici\u00f3n frente al discurso pol\u00edtico de este pa\u00eds. El abogado, ex senador [&hellip;]<\/p>\n","protected":false},"author":2,"featured_media":3361,"comment_status":"closed","ping_status":"open","sticky":false,"template":"","format":"standard","meta":[],"categories":[146],"tags":[3126,2318,28,2125,249,3125,3124,15],"wppr_data":[],"_links":{"self":[{"href":"https:\/\/www.notaoficial.com\/s\/wp-json\/wp\/v2\/posts\/3360"}],"collection":[{"href":"https:\/\/www.notaoficial.com\/s\/wp-json\/wp\/v2\/posts"}],"about":[{"href":"https:\/\/www.notaoficial.com\/s\/wp-json\/wp\/v2\/types\/post"}],"author":[{"embeddable":true,"href":"https:\/\/www.notaoficial.com\/s\/wp-json\/wp\/v2\/users\/2"}],"replies":[{"embeddable":true,"href":"https:\/\/www.notaoficial.com\/s\/wp-json\/wp\/v2\/comments?post=3360"}],"version-history":[{"count":1,"href":"https:\/\/www.notaoficial.com\/s\/wp-json\/wp\/v2\/posts\/3360\/revisions"}],"predecessor-version":[{"id":3362,"href":"https:\/\/www.notaoficial.com\/s\/wp-json\/wp\/v2\/posts\/3360\/revisions\/3362"}],"wp:featuredmedia":[{"embeddable":true,"href":"https:\/\/www.notaoficial.com\/s\/wp-json\/wp\/v2\/media\/3361"}],"wp:attachment":[{"href":"https:\/\/www.notaoficial.com\/s\/wp-json\/wp\/v2\/media?parent=3360"}],"wp:term":[{"taxonomy":"category","embeddable":true,"href":"https:\/\/www.notaoficial.com\/s\/wp-json\/wp\/v2\/categories?post=3360"},{"taxonomy":"post_tag","embeddable":true,"href":"https:\/\/www.notaoficial.com\/s\/wp-json\/wp\/v2\/tags?post=3360"}],"curies":[{"name":"wp","href":"https:\/\/api.w.org\/{rel}","templated":true}]}}