{"id":3419,"date":"2018-10-30T08:20:01","date_gmt":"2018-10-30T12:20:01","guid":{"rendered":"http:\/\/www.notaoficial.com\/s\/?p=3419"},"modified":"2018-10-29T19:26:16","modified_gmt":"2018-10-29T23:26:16","slug":"izal-primer-avance-de-la-programacion-2019-de-rock-sin-subtitulos","status":"publish","type":"post","link":"https:\/\/www.notaoficial.com\/s\/2018\/10\/30\/izal-primer-avance-de-la-programacion-2019-de-rock-sin-subtitulos\/","title":{"rendered":"Izal, primer avance de la programaci\u00f3n 2019 de Rock Sin Subt\u00edtulos"},"content":{"rendered":"<p>La banda vuelve a embarcarse en un minitour europeo (7 marzo Dubl\u00edn y 9 marzo Londres) de la mano de la iniciativa cultural que este a\u00f1o est\u00e1 celebrando su d\u00e9cimo aniversario y que desvela as\u00ed las primeras fechas de la programaci\u00f3n prevista para el pr\u00f3ximo a\u00f1o. Izal ya visit\u00f3 Londres, Dubl\u00edn y Berl\u00edn con Rock Sin Subt\u00edtulos en 2016 consiguiendo sold out en las dos primeras ciudades.<\/p>\n<p>Izal se convierte en la primera incorporaci\u00f3n al calendario 2019 de la iniciativa cultural Rock Sin Subt\u00edtulos\u2122. La banda madrile\u00f1a viajar\u00e1 a Dubl\u00edn (The Button Factory, 7 de marzo) y Londres (The Grand, 9 de marzo) el a\u00f1o que viene con su cuarto trabajo \u00abAutoterapia\u00bb, su \u00e9pica pop-rock, y una expectativa similar a la que les llev\u00f3 de tour europeo en el a\u00f1o 2016, tambi\u00e9n de la mano de Rock Sin Subt\u00edtulos\u2122 y donde consiguieron vender todas las localidades en esas mismas ciudades.<\/p>\n<p>Con estas dos fechas para el pr\u00f3ximo a\u00f1o, Rock Sin Subt\u00edtulos\u2122 se afianza como una iniciativa valiente que, a pesar del acechante Brexit, sigue adelante con su actividad programando un calendario peri\u00f3dico de actuaciones de artistas nacionales en capitales europeas y apostando por la difusi\u00f3n de la m\u00fasica espa\u00f1ola en pa\u00edses de habla no hispana.<\/p>\n<p>Durante el 2018, Rock Sin Subt\u00edtulos\u2122 est\u00e1 celebrando su d\u00e9cima temporada y ya han pasado en este a\u00f1o de aniversario Natos &amp; Waor, M Clan, Loquillo, Riot Propaganda, Txarango, Depedro, Iv\u00e1n Ferreiro, Berri Txarrak, Lori Meyers, El Ni\u00f1o de la Hipoteca, La Ra\u00edz, El Kanka y Juanito Makand\u00e9; y en los pr\u00f3ximos d\u00edas llegar\u00e1n a Londres Hamlet (26 octubre), Tote King (27 octubre), Gatibu (16 noviembre), Zoo (17 noviembre), La M.O.D.A. (23 noviembre y tambi\u00e9n en Dubl\u00edn el 24) y por \u00faltimo Rayden (8 diciembre).<\/p>\n<p>Esta iniciativa cultural pionera surgi\u00f3 en Londres a finales de 2008 capitaneada por el emprendedor canario Fran Garc\u00eda que, desde sus inicios, ha posibilitado y promovido las actuaciones de artistas y grupos musicales espa\u00f1oles, consagrados y emergentes, en ciudades como Londres, Dubl\u00edn, Edimburgo y Berl\u00edn para hacer llegar la m\u00fasica de aqu\u00ed a los espa\u00f1oles residentes fuera de nuestras fronteras. Desde entonces, 68 artistas \u00fanicos (algunos de ellos han repetido) han pasado por la programaci\u00f3n de Rock Sin Subt\u00edtulos\u2122 que cuenta en su biograf\u00eda con 117 conciertos (34 de ellos sold out) y 18 tours internacionales organizados; 6 ciudades europeas conquistadas; y una suma de 106.484 asistentes en toda su historia.<\/p>\n","protected":false},"excerpt":{"rendered":"<p>La banda vuelve a embarcarse en un minitour europeo (7 marzo Dubl\u00edn y 9 marzo Londres) de la mano de la iniciativa cultural que este a\u00f1o est\u00e1 celebrando su d\u00e9cimo aniversario y que desvela as\u00ed las primeras fechas de la programaci\u00f3n prevista para el pr\u00f3ximo a\u00f1o. Izal ya visit\u00f3 Londres, Dubl\u00edn y Berl\u00edn con Rock [&hellip;]<\/p>\n","protected":false},"author":2,"featured_media":3420,"comment_status":"closed","ping_status":"open","sticky":false,"template":"","format":"standard","meta":[],"categories":[146],"tags":[3266,3275,3273,3265,3278,3277,3280,3274,3264,3282,3054,318,3270,3276,3269,3268,3283,3271,3267,3279,3272,3281],"wppr_data":[],"_links":{"self":[{"href":"https:\/\/www.notaoficial.com\/s\/wp-json\/wp\/v2\/posts\/3419"}],"collection":[{"href":"https:\/\/www.notaoficial.com\/s\/wp-json\/wp\/v2\/posts"}],"about":[{"href":"https:\/\/www.notaoficial.com\/s\/wp-json\/wp\/v2\/types\/post"}],"author":[{"embeddable":true,"href":"https:\/\/www.notaoficial.com\/s\/wp-json\/wp\/v2\/users\/2"}],"replies":[{"embeddable":true,"href":"https:\/\/www.notaoficial.com\/s\/wp-json\/wp\/v2\/comments?post=3419"}],"version-history":[{"count":1,"href":"https:\/\/www.notaoficial.com\/s\/wp-json\/wp\/v2\/posts\/3419\/revisions"}],"predecessor-version":[{"id":3421,"href":"https:\/\/www.notaoficial.com\/s\/wp-json\/wp\/v2\/posts\/3419\/revisions\/3421"}],"wp:featuredmedia":[{"embeddable":true,"href":"https:\/\/www.notaoficial.com\/s\/wp-json\/wp\/v2\/media\/3420"}],"wp:attachment":[{"href":"https:\/\/www.notaoficial.com\/s\/wp-json\/wp\/v2\/media?parent=3419"}],"wp:term":[{"taxonomy":"category","embeddable":true,"href":"https:\/\/www.notaoficial.com\/s\/wp-json\/wp\/v2\/categories?post=3419"},{"taxonomy":"post_tag","embeddable":true,"href":"https:\/\/www.notaoficial.com\/s\/wp-json\/wp\/v2\/tags?post=3419"}],"curies":[{"name":"wp","href":"https:\/\/api.w.org\/{rel}","templated":true}]}}