{"id":3487,"date":"2018-11-04T21:00:23","date_gmt":"2018-11-05T01:00:23","guid":{"rendered":"http:\/\/www.notaoficial.com\/s\/?p=3487"},"modified":"2018-11-04T20:33:25","modified_gmt":"2018-11-05T00:33:25","slug":"prisca-nos-lleva-a-conocer-su-musica-mas-alla-del-sonido","status":"publish","type":"post","link":"https:\/\/www.notaoficial.com\/s\/2018\/11\/04\/prisca-nos-lleva-a-conocer-su-musica-mas-alla-del-sonido\/","title":{"rendered":"Prisca nos lleva a conocer su m\u00fasica m\u00e1s all\u00e1 del sonido"},"content":{"rendered":"<p><strong>Extremodamente<\/strong> y <strong>Cresta Metalica Producciones<\/strong> unen esfuerzos para incluir en el ciclo <strong><em>Naranjamente<\/em><\/strong> el cap\u00edtulo <strong><em>Emprendedores de la M\u00fasica<\/em><\/strong>, que le dar\u00e1 la oportunidad al p\u00fablico de conocer la forma en que varios artistas de distintos g\u00e9neros musicales han gerenciado sus propios proyectos y han sido arquitectos de sus carreras, siguiendo la filosof\u00eda y los principios de la <strong>Econom\u00eda Naranja. <\/strong><\/p>\n<p>El primer concierto del ciclo que se titula <strong><em>Prisca y su m\u00fasica m\u00e1s all\u00e1 del sonido<\/em><\/strong>, tendr\u00e1 lugar el 14 de noviembre en el <strong>Centro Cultural BOD<\/strong> a las 07:00 pm, teniendo como protagonista nada menos que a la pianista, cantante y compositora <strong>Prisca D\u00e1vila<\/strong>. La artista a trav\u00e9s de un recorrido musical y anecd\u00f3tico, interpretar\u00e1 los temas m\u00e1s significativos de su extensa discograf\u00eda, al mismo tiempo que con la gracia y la espontaneidad que la caracterizan, contar\u00e1 y explicar\u00e1 al p\u00fablico c\u00f3mo ha obtenido tantos logros con su emprendimiento musical a lo largo de 15 a\u00f1os de carrera.<\/p>\n<p><strong>Las entradas est\u00e1n a la venta en <a href=\"http:\/\/www.ticketmundo.com\" data-saferedirecturl=\"https:\/\/www.google.com\/url?q=http:\/\/www.ticketmundo.com&amp;source=gmail&amp;ust=1541463652940000&amp;usg=AFQjCNF0GH3SZnMX66Dg_FI63KION9ylQA\">www.ticketmundo.com<\/a> <\/strong><\/p>\n<p>\u201cEstoy muy entusiasmada y agradecida con esta iniciativa de Extremodamente y Cresta Metalica para poder compartir con el p\u00fablico la manera en que he gerenciado mi carrera al mismo tiempo que toco algunos de los temas m\u00e1s importantes de todos mis discos. La idea de este concierto es inspirar y brindar ideas tanto a m\u00fasicos como a emprendedores de diversas \u00e1reas sobre c\u00f3mo pueden impulsar y mantener sus propios emprendimientos. En estos momentos es cuando m\u00e1s es necesario estimular a la gente a trav\u00e9s de experiencias positivas que evidencias que todo es posible cuando hay creatividad y ganas de cumplir los sue\u00f1os\u201d, destac\u00f3 Prisca D\u00e1vila.<\/p>\n<p>\u201cEl evento forma parte del ciclo Naranjamente que surge con la intenci\u00f3n de conocer los emprendimientos de la industria cultural y creativa, en este caso nos centramos en la m\u00fasica y la idea del evento de este 14 de noviembre a cargo de Prisca D\u00e1vila es que el p\u00fablico pueda conocer y disfrutar adem\u00e1s de su talento, todo lo que est\u00e1 detr\u00e1s de ese \u00e9xito y c\u00f3mo ha hecho esta querida artista para llevar su carrera adelante, as\u00ed como las particularidades de la industria musical. En 2019 este ciclo incluir\u00e1 a otras personalidades de distintas tendencias. Queremos motivar a todos aquellos emprendedores a sacar adelante sus proyectos, uni\u00e9ndose a una fuerza positiva, tan necesaria en el pa\u00eds\u201d, explic\u00f3 Melany Kors, directora de Extremodamente.<\/p>\n<p>\u201c\u00bfCu\u00e1ntos m\u00fasicos existen en Venezuela que no saben c\u00f3mo canalizar su talento, administrar su carrera y promover su m\u00fasica? Son much\u00edsimos y con este ciclo de emprendedores musicales que comienza con la gran pianista y cantante Prisca D\u00e1vila, queremos demostrarle al p\u00fablico a trav\u00e9s ejemplos que si es posible sacar adelante una carrera musical, usando principios de la Econom\u00eda Naranja\u201d, explic\u00f3 Alejandro Adrian director de Cresta Metalica.<\/p>\n<p>Prisca D\u00e1vila es una pianista, cantante y compositora quien durante 15 a\u00f1os ha sacado al mercado siete producciones discogr\u00e1ficas, con las que ha girado por toda Venezuela y recorrido m\u00e1s de 10 pa\u00edses. Adem\u00e1s fue vicepresidente de Sacven, locutora y productora de radio, directora de su propia academia de m\u00fasica, Licenciada en Historia de la UCV y ha sido imagen de prestigiosos dise\u00f1adores de moda. Actualmente divide su tiempo entre su polifac\u00e9tica carrera y su rol de madre.<\/p>\n","protected":false},"excerpt":{"rendered":"<p>Extremodamente y Cresta Metalica Producciones unen esfuerzos para incluir en el ciclo Naranjamente el cap\u00edtulo Emprendedores de la M\u00fasica, que le dar\u00e1 la oportunidad al p\u00fablico de conocer la forma en que varios artistas de distintos g\u00e9neros musicales han gerenciado sus propios proyectos y han sido arquitectos de sus carreras, siguiendo la filosof\u00eda y los [&hellip;]<\/p>\n","protected":false},"author":2,"featured_media":3488,"comment_status":"closed","ping_status":"open","sticky":false,"template":"","format":"standard","meta":[],"categories":[463,2],"tags":[379,3465,3462,3463,3466,3464,983,3467],"wppr_data":[],"_links":{"self":[{"href":"https:\/\/www.notaoficial.com\/s\/wp-json\/wp\/v2\/posts\/3487"}],"collection":[{"href":"https:\/\/www.notaoficial.com\/s\/wp-json\/wp\/v2\/posts"}],"about":[{"href":"https:\/\/www.notaoficial.com\/s\/wp-json\/wp\/v2\/types\/post"}],"author":[{"embeddable":true,"href":"https:\/\/www.notaoficial.com\/s\/wp-json\/wp\/v2\/users\/2"}],"replies":[{"embeddable":true,"href":"https:\/\/www.notaoficial.com\/s\/wp-json\/wp\/v2\/comments?post=3487"}],"version-history":[{"count":1,"href":"https:\/\/www.notaoficial.com\/s\/wp-json\/wp\/v2\/posts\/3487\/revisions"}],"predecessor-version":[{"id":3489,"href":"https:\/\/www.notaoficial.com\/s\/wp-json\/wp\/v2\/posts\/3487\/revisions\/3489"}],"wp:featuredmedia":[{"embeddable":true,"href":"https:\/\/www.notaoficial.com\/s\/wp-json\/wp\/v2\/media\/3488"}],"wp:attachment":[{"href":"https:\/\/www.notaoficial.com\/s\/wp-json\/wp\/v2\/media?parent=3487"}],"wp:term":[{"taxonomy":"category","embeddable":true,"href":"https:\/\/www.notaoficial.com\/s\/wp-json\/wp\/v2\/categories?post=3487"},{"taxonomy":"post_tag","embeddable":true,"href":"https:\/\/www.notaoficial.com\/s\/wp-json\/wp\/v2\/tags?post=3487"}],"curies":[{"name":"wp","href":"https:\/\/api.w.org\/{rel}","templated":true}]}}