{"id":3490,"date":"2018-11-04T22:33:38","date_gmt":"2018-11-05T02:33:38","guid":{"rendered":"http:\/\/www.notaoficial.com\/s\/?p=3490"},"modified":"2018-11-04T20:37:56","modified_gmt":"2018-11-05T00:37:56","slug":"shica-gutman-presentaran-su-album-en-fnac","status":"publish","type":"post","link":"https:\/\/www.notaoficial.com\/s\/2018\/11\/04\/shica-gutman-presentaran-su-album-en-fnac\/","title":{"rendered":"SHICA &#038; GUTMAN presentar\u00e1n su \u00e1lbum en FNAC"},"content":{"rendered":"<p><span style=\"font-family: Verdana; font-size: small;\">Recuerdo perfectamente la primera vez que vi a\u00a0<b>Didi<\/b>. Fue en un concierto de\u00a0<b>Drexler<\/b>.\u00a0<b>Jorge<\/b>\u00a0le hab\u00eda invitado a tocarse un par de temas con la mel\u00f3dica. Del primer tema que tocaron, no me acuerdo, pero acabaron improvisando sobre el Volando Voy, de<b>\u00a0Kiko Veneno<\/b>\u00a0y, flip\u00e9. Me impactaron su lenguaje y su forma de pensar la m\u00fasica, a pesar de la peque\u00f1ez del instrumento. Ese d\u00eda Didi y yo no hablamos, ni al d\u00eda siguiente, ni siquiera lo hicimos al a\u00f1o siguiente. Pero fue en ese preciso momento, cuando supe que alguna vez har\u00edamos un proyecto juntos. Un tiempo despu\u00e9s, empezamos a coincidir en las noches, (benditas noches) del Caf\u00e9 Berl\u00edn. Yo abr\u00eda con mis \u201cPeque\u00f1as Infidelidades\u201d un espect\u00e1culo cabaretero que me di\u00f3 muchas, muchas alegr\u00edas y \u00e9l las cerraba con sus DJ Sets. Pero tuvo que pasar algo m\u00e1s de tiempo hasta que empezamos a juntarnos para currar.<\/span><\/p>\n<p><span style=\"font-family: Verdana; font-size: small;\">Al principio, compon\u00edamos por componer, sin ning\u00fan tipo de expectativa, s\u00f3lo para ver qu\u00e9 ocurr\u00eda, para ver qu\u00e9 encontr\u00e1bamos. Compusimos uno, dos, tres temas y al sexto fue cuando nos preguntamos: \u00bfOye, no crees que deber\u00edamos hacer un disco juntos? Y as\u00ed ha sido, y aqu\u00ed estamos, con\u00a0<b>Shica &amp; Gutman<\/b>\u00a0reci\u00e9n salido del horno.<\/span><\/p>\n<p><span style=\"font-family: Verdana; font-size: small;\">Y aunque bien podr\u00eda ser,\u00a0<b>Shica &amp; Gutman<\/b>, no es el t\u00edtulo de una nueva serie de detectives. Es el nombre de este nuevo proyecto musical. Es el territorio com\u00fan conquistado durante un a\u00f1o y pico de trabajo juntos. Bajo mi punto de vista, suena un poco a todo lo que he ido haciendo desde que empec\u00e9 a cantar y tambi\u00e9n a todo lo contrario.<\/span><\/p>\n<p><span style=\"font-family: Verdana; font-size: small;\">Las letras hablan de mujeres valientes, de vida nueva, de ca\u00eddas con las que uno aprende, de amor inesperado, de luces y oscuridades, de ganas de vivir, de ganas de bailar\u2026<\/span><\/p>\n<p><span style=\"font-family: Verdana; font-size: small;\"><b>Shica &amp; Gutman<\/b>\u00a0ha sido grabado en MG estudios, en Madrid. Ha sido producido por\u00a0<b>Didi Gutman<\/b>\u00a0y ha sido mezclado y masterizado por\u00a0<b>Carlos Imperatori<\/b>\u00a0en Miami.<\/span><\/p>\n<p>&nbsp;<\/p>\n","protected":false},"excerpt":{"rendered":"<p>Recuerdo perfectamente la primera vez que vi a\u00a0Didi. Fue en un concierto de\u00a0Drexler.\u00a0Jorge\u00a0le hab\u00eda invitado a tocarse un par de temas con la mel\u00f3dica. Del primer tema que tocaron, no me acuerdo, pero acabaron improvisando sobre el Volando Voy, de\u00a0Kiko Veneno\u00a0y, flip\u00e9. Me impactaron su lenguaje y su forma de pensar la m\u00fasica, a pesar [&hellip;]<\/p>\n","protected":false},"author":2,"featured_media":3491,"comment_status":"closed","ping_status":"open","sticky":false,"template":"","format":"standard","meta":[],"categories":[146],"tags":[3474,3468,3473,3472,3469,3470,3471,249],"wppr_data":[],"_links":{"self":[{"href":"https:\/\/www.notaoficial.com\/s\/wp-json\/wp\/v2\/posts\/3490"}],"collection":[{"href":"https:\/\/www.notaoficial.com\/s\/wp-json\/wp\/v2\/posts"}],"about":[{"href":"https:\/\/www.notaoficial.com\/s\/wp-json\/wp\/v2\/types\/post"}],"author":[{"embeddable":true,"href":"https:\/\/www.notaoficial.com\/s\/wp-json\/wp\/v2\/users\/2"}],"replies":[{"embeddable":true,"href":"https:\/\/www.notaoficial.com\/s\/wp-json\/wp\/v2\/comments?post=3490"}],"version-history":[{"count":1,"href":"https:\/\/www.notaoficial.com\/s\/wp-json\/wp\/v2\/posts\/3490\/revisions"}],"predecessor-version":[{"id":3492,"href":"https:\/\/www.notaoficial.com\/s\/wp-json\/wp\/v2\/posts\/3490\/revisions\/3492"}],"wp:featuredmedia":[{"embeddable":true,"href":"https:\/\/www.notaoficial.com\/s\/wp-json\/wp\/v2\/media\/3491"}],"wp:attachment":[{"href":"https:\/\/www.notaoficial.com\/s\/wp-json\/wp\/v2\/media?parent=3490"}],"wp:term":[{"taxonomy":"category","embeddable":true,"href":"https:\/\/www.notaoficial.com\/s\/wp-json\/wp\/v2\/categories?post=3490"},{"taxonomy":"post_tag","embeddable":true,"href":"https:\/\/www.notaoficial.com\/s\/wp-json\/wp\/v2\/tags?post=3490"}],"curies":[{"name":"wp","href":"https:\/\/api.w.org\/{rel}","templated":true}]}}