{"id":3493,"date":"2018-11-04T23:39:03","date_gmt":"2018-11-05T03:39:03","guid":{"rendered":"http:\/\/www.notaoficial.com\/s\/?p=3493"},"modified":"2018-11-04T20:44:28","modified_gmt":"2018-11-05T00:44:28","slug":"cedca-dictara-taller-sobre-aspectos-procedimentales-y-administrativos-de-los-arbitrajes","status":"publish","type":"post","link":"https:\/\/www.notaoficial.com\/s\/2018\/11\/04\/cedca-dictara-taller-sobre-aspectos-procedimentales-y-administrativos-de-los-arbitrajes\/","title":{"rendered":"CEDCA dictar\u00e1 taller sobre aspectos procedimentales y administrativos de los arbitrajes"},"content":{"rendered":"<p>El Centro Empresarial de Conciliaci\u00f3n y Arbitraje (CEDCA), como parte de su ciclo de actividades de formaci\u00f3n y capacitaci\u00f3n permanente a profesionales del Derecho, realizar\u00e1 el pr\u00f3ximo 6 de noviembre, en las instalaciones de la Torre Credival, el taller \u201cAspectos Procedimentales y Administrativos de los Arbitrajes\u201d.<\/p>\n<p>La actividad estar\u00e1 a cargo de los abogados Maria Alejandra Gonz\u00e1lez y Ana Karina Calder\u00edn, Director Ejecutivo y Abogado adscrito del CEDCA, respectivamente, y Jos\u00e9 Alberto Ram\u00edrez, del escritorio jur\u00eddico Lega Abogados.<\/p>\n<p>Durante este encuentro se abordar\u00e1n temas vinculados a: Consideraciones sobre el procedimiento previsto en el Reglamento de Conciliaci\u00f3n y Arbitraje del CEDCA, tarifas de ingreso y de solicitud de medidas cautelares; honorarios y servicio administrativo por conciliaci\u00f3n y arbitraje.<\/p>\n<p>\u201cLa idea de este taller es profundizar los conocimientos en materia de conciliaci\u00f3n y arbitraje, para ello, hemos enfocado la actividad desde la teor\u00eda y la pr\u00e1ctica, para explicar todas las etapas que conllevan estos procedimientos y tambi\u00e9n para desmontar la matriz de que el arbitraje es costoso\u201d, se\u00f1al\u00f3 Maria Alejandra Gonz\u00e1lez, Director Ejecutivo del CEDCA.<\/p>\n<p>Las personas interesadas en participar en este taller pueden enviar un correo a <a href=\"mailto:info@cedca.org.ve\">info@cedca.org.ve<\/a> solicitando informaci\u00f3n detallada, sobre el temario, costos y horario, o tambi\u00e9n pueden completar el formulario de inscripci\u00f3n que se encuentra disponible en la p\u00e1gina web <a href=\"http:\/\/www.cedca.org.ve\">www.cedca.org.ve<\/a> .<\/p>\n<p>Cabe destacar que el Centro Empresarial de Conciliaci\u00f3n y Arbitraje (CEDCA), es una asociaci\u00f3n civil independiente, vinculada a la C\u00e1mara Venezolano-Americana de Comercio e Industria (Venamcham), que se encarga de administrar procedimientos de conciliaci\u00f3n y arbitraje comercial y promover el uso de los medios alternativos de resoluci\u00f3n de conflictos en el marco del ordenamiento jur\u00eddico nacional e internacional.<\/p>\n<p>Para conocer m\u00e1s sobre este medio alternativo de resoluci\u00f3n de controversias, y sus servicios, puede consultar la p\u00e1gina web: <a href=\"https:\/\/www.cedca.org.ve\">https:\/\/www.cedca.org.ve<\/a>, o seguirlos en sus redes sociales, Twitter @CEDCAorg, Linkedin o Instagram @cedcaorg.<\/p>\n","protected":false},"excerpt":{"rendered":"<p>El Centro Empresarial de Conciliaci\u00f3n y Arbitraje (CEDCA), como parte de su ciclo de actividades de formaci\u00f3n y capacitaci\u00f3n permanente a profesionales del Derecho, realizar\u00e1 el pr\u00f3ximo 6 de noviembre, en las instalaciones de la Torre Credival, el taller \u201cAspectos Procedimentales y Administrativos de los Arbitrajes\u201d. La actividad estar\u00e1 a cargo de los abogados Maria [&hellip;]<\/p>\n","protected":false},"author":2,"featured_media":3494,"comment_status":"closed","ping_status":"open","sticky":false,"template":"","format":"standard","meta":[],"categories":[2710,140,2],"tags":[2925,2713,2712,2711,3475,2714],"wppr_data":[],"_links":{"self":[{"href":"https:\/\/www.notaoficial.com\/s\/wp-json\/wp\/v2\/posts\/3493"}],"collection":[{"href":"https:\/\/www.notaoficial.com\/s\/wp-json\/wp\/v2\/posts"}],"about":[{"href":"https:\/\/www.notaoficial.com\/s\/wp-json\/wp\/v2\/types\/post"}],"author":[{"embeddable":true,"href":"https:\/\/www.notaoficial.com\/s\/wp-json\/wp\/v2\/users\/2"}],"replies":[{"embeddable":true,"href":"https:\/\/www.notaoficial.com\/s\/wp-json\/wp\/v2\/comments?post=3493"}],"version-history":[{"count":1,"href":"https:\/\/www.notaoficial.com\/s\/wp-json\/wp\/v2\/posts\/3493\/revisions"}],"predecessor-version":[{"id":3495,"href":"https:\/\/www.notaoficial.com\/s\/wp-json\/wp\/v2\/posts\/3493\/revisions\/3495"}],"wp:featuredmedia":[{"embeddable":true,"href":"https:\/\/www.notaoficial.com\/s\/wp-json\/wp\/v2\/media\/3494"}],"wp:attachment":[{"href":"https:\/\/www.notaoficial.com\/s\/wp-json\/wp\/v2\/media?parent=3493"}],"wp:term":[{"taxonomy":"category","embeddable":true,"href":"https:\/\/www.notaoficial.com\/s\/wp-json\/wp\/v2\/categories?post=3493"},{"taxonomy":"post_tag","embeddable":true,"href":"https:\/\/www.notaoficial.com\/s\/wp-json\/wp\/v2\/tags?post=3493"}],"curies":[{"name":"wp","href":"https:\/\/api.w.org\/{rel}","templated":true}]}}