{"id":3515,"date":"2018-11-06T21:19:49","date_gmt":"2018-11-07T01:19:49","guid":{"rendered":"http:\/\/www.notaoficial.com\/s\/?p=3515"},"modified":"2018-11-06T21:19:49","modified_gmt":"2018-11-07T01:19:49","slug":"3-mil-personas-fueron-beneficiadas-por-jornada-de-salud","status":"publish","type":"post","link":"https:\/\/www.notaoficial.com\/s\/2018\/11\/06\/3-mil-personas-fueron-beneficiadas-por-jornada-de-salud\/","title":{"rendered":"3 mil personas fueron beneficiadas por jornada de salud"},"content":{"rendered":"<p>Un total de 3.000 personas recibieron atenci\u00f3n en el \u00e1rea de salud, como parte de una jornada especial realizada por la Fundaci\u00f3n Nawaraos, en alianza con las Industrias Maros, C.A e Industrias Inalcon C.A, dando respuesta de esta manera a las necesidades de las comunidades m\u00e1s limitadas del estado Lara, en materia de salud.<\/p>\n<p>La actividad denominada \u201cJuntos somos m\u00e1s\u201d, se desarroll\u00f3 recientemente y por espacio de tres d\u00edas en el Ambulatorio \u201cDr. Jos\u00e9 Antonio Gonz\u00e1lez L\u00f3pez\u201d, del Municipio Torres, donde se atendieron casos en las \u00e1reas de oftalmolog\u00eda, odontolog\u00eda, pediatr\u00eda, traumatolog\u00eda, ginecolog\u00eda, obstetricia, dermatolog\u00eda, urolog\u00eda, otorrinolaringolog\u00eda y farmacolog\u00eda, y se practicaron ex\u00e1menes de laboratorio.<\/p>\n<p>De igual forma, se realizaron 300 intervenciones quir\u00fargicas, entre ellas: hernias inguinales y umbilicales, histerectom\u00edas, ligaduras de trompas, y otras menores, en el \u00e1rea de odontolog\u00eda y dermatolog\u00eda. Adicionalmente, un grupo de especialistas en el \u00e1rea realiz\u00f3 consultas veterinarias para las mascotas de la zona.<\/p>\n<p>Durante la jornada, en la que participaron m\u00e1s de 150 colaboradores de la empresa de alimentos e igual cantidad por parte de la Fundaci\u00f3n Nawaraos (entre doctores, asistentes y personal de log\u00edstica), se entreg\u00f3 tambi\u00e9n una donaci\u00f3n de insumos m\u00e9dicos, materiales quir\u00fargicos, medicinas y comida, entre otros insumos.<\/p>\n<p>Por espacio de los tres d\u00edas que dur\u00f3 la jornada, la familia Natulac entreg\u00f3 cajas de leche condensada, en presentaci\u00f3n de 50 gramos, a ni\u00f1os y adolescentes; \u00a0as\u00ed como tambi\u00e9n n\u00e9ctares para el consumo diario a todo el personal involucrado, que cont\u00f3 adem\u00e1s con el apoyo de \u201cProyecto Amor\u201d, un apostolado de la Iglesia Cat\u00f3lica que llev\u00f3 un mensaje de esperanza y amor a trav\u00e9s de la oraci\u00f3n<\/p>\n<p>Luis Navas, presidente ejecutivo de la empresa, se\u00f1al\u00f3 que el prop\u00f3sito de esta iniciativa -que forma parte del programa de responsabilidad social de la compa\u00f1\u00eda-, fue\u00a0 la de atender las carencias de la \u00a0comunidad de Quebrada Arriba y sectores aleda\u00f1os.<\/p>\n<p>\u201cEsta es una zona de influencia nuestra y queremos que la gente se sienta atendida y feliz, ya que hemos captado que no dispone de recursos para acceder a los servicios de salud y presenta serias dificultades para trasladarse de un sitio a otro\u201d, expres\u00f3 Navas,\u00a0 al tiempo que resalt\u00f3 el apoyo incondicional de la empresa, para mantener la calidad de vida de estos pobladores.<\/p>\n<p><strong>Comunidad agradecida<\/strong><\/p>\n<p>Jos\u00e9 Querales, habitante de Carora operado de una hernia inguinal, se mostr\u00f3 muy agradecido por la atenci\u00f3n recibida: \u201cFelicito al equipo Natulac\u00ae y la Fundaci\u00f3n\u00a0 Nawaraos, por la dedicaci\u00f3n y el apoyo. Ni mi familia ni yo ten\u00edamos los recursos para la operaci\u00f3n, y estoy seguro que todos los que asistimos a la jornada, est\u00e1bamos en la misma situaci\u00f3n\u201d.<\/p>\n<p>Laura \u00c1lvarez fue otra de las beneficiadas junto a su hijo cont\u00f3 su experiencia. \u201cLo traje a la consulta de pediatr\u00eda y lo atendieron muy bien. En mi caso, me realizaron una ligadura de trompas. Espero que estas jornadas se sigan realizando porque todos los habitantes del sector Quebrada Arriba y otras zonas aleda\u00f1as, lo necesitamos. Gracias a todos los involucrados por tan linda labor\u201d.<\/p>\n","protected":false},"excerpt":{"rendered":"<p>Un total de 3.000 personas recibieron atenci\u00f3n en el \u00e1rea de salud, como parte de una jornada especial realizada por la Fundaci\u00f3n Nawaraos, en alianza con las Industrias Maros, C.A e Industrias Inalcon C.A, dando respuesta de esta manera a las necesidades de las comunidades m\u00e1s limitadas del estado Lara, en materia de salud. La [&hellip;]<\/p>\n","protected":false},"author":2,"featured_media":3516,"comment_status":"closed","ping_status":"open","sticky":false,"template":"","format":"standard","meta":[],"categories":[93,3517,2],"tags":[483,3519,3521,3518,2001,3522,433,3523,3520,3524],"wppr_data":[],"_links":{"self":[{"href":"https:\/\/www.notaoficial.com\/s\/wp-json\/wp\/v2\/posts\/3515"}],"collection":[{"href":"https:\/\/www.notaoficial.com\/s\/wp-json\/wp\/v2\/posts"}],"about":[{"href":"https:\/\/www.notaoficial.com\/s\/wp-json\/wp\/v2\/types\/post"}],"author":[{"embeddable":true,"href":"https:\/\/www.notaoficial.com\/s\/wp-json\/wp\/v2\/users\/2"}],"replies":[{"embeddable":true,"href":"https:\/\/www.notaoficial.com\/s\/wp-json\/wp\/v2\/comments?post=3515"}],"version-history":[{"count":1,"href":"https:\/\/www.notaoficial.com\/s\/wp-json\/wp\/v2\/posts\/3515\/revisions"}],"predecessor-version":[{"id":3517,"href":"https:\/\/www.notaoficial.com\/s\/wp-json\/wp\/v2\/posts\/3515\/revisions\/3517"}],"wp:featuredmedia":[{"embeddable":true,"href":"https:\/\/www.notaoficial.com\/s\/wp-json\/wp\/v2\/media\/3516"}],"wp:attachment":[{"href":"https:\/\/www.notaoficial.com\/s\/wp-json\/wp\/v2\/media?parent=3515"}],"wp:term":[{"taxonomy":"category","embeddable":true,"href":"https:\/\/www.notaoficial.com\/s\/wp-json\/wp\/v2\/categories?post=3515"},{"taxonomy":"post_tag","embeddable":true,"href":"https:\/\/www.notaoficial.com\/s\/wp-json\/wp\/v2\/tags?post=3515"}],"curies":[{"name":"wp","href":"https:\/\/api.w.org\/{rel}","templated":true}]}}