{"id":3527,"date":"2018-11-07T01:38:47","date_gmt":"2018-11-07T05:38:47","guid":{"rendered":"http:\/\/www.notaoficial.com\/s\/?p=3527"},"modified":"2018-11-06T21:45:54","modified_gmt":"2018-11-07T01:45:54","slug":"el-arte-musical-de-williams-mora-cautiva-en-un-concierto-en-primera-persona","status":"publish","type":"post","link":"https:\/\/www.notaoficial.com\/s\/2018\/11\/07\/el-arte-musical-de-williams-mora-cautiva-en-un-concierto-en-primera-persona\/","title":{"rendered":"El arte musical de Williams Mora cautiva en un concierto en Primera Persona"},"content":{"rendered":"<p><strong><em>Williams Mora<\/em><\/strong> es, sin duda, uno de los talentos venezolanos de mayor proyecci\u00f3n en la actualidad, con una carrera que apunta alto.<\/p>\n<p>El\u00a0 lenguaje fresco y aut\u00e9ntico de su propuesta art\u00edstica, se complementa con su formaci\u00f3n acad\u00e9mica desarrollada en el Conservatorio de M\u00fasica Sim\u00f3n Bol\u00edvar y en la Academia Latinoamericana de Clarinete del Sistema de Orquestas Juveniles e Infantiles de Venezuela.<\/p>\n<p>Este joven cantante y clarinetista que conquista al p\u00fablico en cada presentaci\u00f3n como invitado o como solista, se mostrar\u00e1 ahora <strong>EN PRIMERA PERSONA, <\/strong>un concierto donde la singularidad de su arte brillar\u00e1 a trav\u00e9s de la pluralidad de un repertorio que habla de sus influencias musicales y traduce su historia, develando todas sus facetas a trav\u00e9s de los g\u00e9neros que le apasionan.<\/p>\n<p>En esta presentaci\u00f3n que se celebrar\u00e1 el <strong>s\u00e1bado 17 de noviembre<\/strong> en el <strong>Centro Cultural BOD<\/strong>, har\u00e1 gala de las particularidades de su voz y de su versatilidad como clarinetista, emprendiendo un itinerario musical\u00a0 acompa\u00f1ado de un grupo de talentosos instrumentistas como <strong><em>Daniel Requena<\/em><\/strong>, <strong><em>Reynaldo Chac\u00f3n<\/em><\/strong>, <strong><em>Rolando Can\u00f3nico<\/em><\/strong> y <strong><em>Xavier Perri<\/em><\/strong>, quien tambi\u00e9n participa como arreglista, todos bajo la producci\u00f3n y direcci\u00f3n musical del destacado contrabajista y guitarrista <strong>David Pe\u00f1a.<\/strong><\/p>\n<p><strong>De Singular a Plural<\/strong><\/p>\n<p>Llevando su canto y musicalidad dentro y fuera de Venezuela, este vers\u00e1til artista caraque\u00f1o ha realizado conciertos en importantes salas y otros emblem\u00e1ticos espacios, compartiendo escenarios con m\u00fasicos de la talla de Aquiles B\u00e1ez, Huguette Contramaestre, Jakelin Liz, Gustavo Caruc\u00ed, Betsayda Machado, David Pe\u00f1a, Henry Mart\u00ednez, Banda Marcial de Caracas, Sim\u00f3n Bol\u00edvar Big Band Jazz, Sinf\u00f3nica Gran Mariscal de Ayacucho y Sinf\u00f3nica Sim\u00f3n Bol\u00edvar, por solo mencionar algunos.<br \/>\nEntre 2010 y 2013 form\u00f3 parte de Pimenteira Brasil y por dos a\u00f1os fue director y cantante de la agrupaci\u00f3n de m\u00fasica brasilera Cachaza, proyectos donde cultiv\u00f3 la creaci\u00f3n de los m\u00e1s emblem\u00e1ticos compositores y poetas de la m\u00fasica brasile\u00f1a.<\/p>\n<p>Internacionalmente ha cautivado con su talento, dejando el nombre de Venezuela en alto, en escenarios como el Teatro da Reitoria (Curitiba, Brasil), Gro\u00dfes Festspielhaus (Salzburgo, Austria), Auditorio Le\u00f3n de Greiff (Bogot\u00e1, Colombia), Teatro Metropolitano (Medell\u00edn, Colombia) y el Palacio Real de El Pardo (Madrid, Espa\u00f1a), entre otros.<br \/>\nEn los \u00faltimos cinco a\u00f1os ha cultivado, con gran \u00e9xito de p\u00fablico y cr\u00edtica, su faceta como como int\u00e9rprete solista, donde combina su voz con sus habilidades como ejecutante del clarinete.<\/p>\n<p>\u201cEstoy muy feliz con este espect\u00e1culo donde podr\u00e9 hablar en primera persona, dando un recorrido por la m\u00fasica y mi historia en y con ella, en un paseo por mis influencias, junto a colegas con los tengo gran empat\u00eda musical.\u00a0 Tambi\u00e9n me enorgullece tener como invitados a la gran referente de la m\u00fasica afrovenezolana gestada en la ciudad, <strong><em>Nelly Ramos<\/em><\/strong>, y mi padre, <strong><em>Williams Mora<\/em><\/strong>, gran percusionista y cultor de la m\u00fasica del caribe\u201d, expresa el artista.<\/p>\n<p>El <strong>s\u00e1bado 17 \u00a0de noviembre, a las 5:00 p.m., <\/strong>el p\u00fablico caraque\u00f1o podr\u00e1 disfrutar de la fabulosa versatilidad\u00a0 y frescura de <strong><em>Williams Mora<\/em><\/strong>,\u00a0<strong><em>En Primera Persona<\/em><\/strong>. \u00a0Las entradas pueden ser adquiridas a trav\u00e9s de\u00a0<a href=\"https:\/\/twitter.us16.list-manage.com\/track\/click?u=2f7b9132bef1f79b6693e6570&amp;id=334f742bb6&amp;e=3d12a662da\" target=\"_blank\" rel=\"noopener\" data-saferedirecturl=\"https:\/\/www.google.com\/url?q=https:\/\/twitter.us16.list-manage.com\/track\/click?u%3D2f7b9132bef1f79b6693e6570%26id%3D334f742bb6%26e%3D3d12a662da&amp;source=gmail&amp;ust=1541639467174000&amp;usg=AFQjCNGPmRCvxDQDIw0wA3WpervErDLpeA\">www.ticketmundo.com<\/a> o en la taquilla del Centro Cultural BOD, la sala m\u00e1s activa y prestigiosa del pa\u00eds en la actualidad, de martes a domingo, de 10:00 a.m. a 5:00 p.m.<\/p>\n<p>Mayor\u00a0 informaci\u00f3n en <a href=\"http:\/\/www.centroculturalbod.com\" target=\"_blank\" rel=\"noopener\" data-saferedirecturl=\"https:\/\/www.google.com\/url?q=http:\/\/www.centroculturalbod.com&amp;source=gmail&amp;ust=1541639467174000&amp;usg=AFQjCNHI5q_xRKnx96eHIye6aStmJOvPFg\">www.centroculturalbod.com<\/a> y\u00a0 a trav\u00e9s de 0800CCBOD 00 (0800 22263 00). Twitter e Instagram: @cculturalbod.<\/p>\n","protected":false},"excerpt":{"rendered":"<p>Williams Mora es, sin duda, uno de los talentos venezolanos de mayor proyecci\u00f3n en la actualidad, con una carrera que apunta alto. El\u00a0 lenguaje fresco y aut\u00e9ntico de su propuesta art\u00edstica, se complementa con su formaci\u00f3n acad\u00e9mica desarrollada en el Conservatorio de M\u00fasica Sim\u00f3n Bol\u00edvar y en la Academia Latinoamericana de Clarinete del Sistema de [&hellip;]<\/p>\n","protected":false},"author":2,"featured_media":3528,"comment_status":"closed","ping_status":"open","sticky":false,"template":"","format":"standard","meta":[],"categories":[463,2],"tags":[3543,379,3539,1664,2435,3540,3546,3545,1899,3541,3542,3544,2456,1900],"wppr_data":[],"_links":{"self":[{"href":"https:\/\/www.notaoficial.com\/s\/wp-json\/wp\/v2\/posts\/3527"}],"collection":[{"href":"https:\/\/www.notaoficial.com\/s\/wp-json\/wp\/v2\/posts"}],"about":[{"href":"https:\/\/www.notaoficial.com\/s\/wp-json\/wp\/v2\/types\/post"}],"author":[{"embeddable":true,"href":"https:\/\/www.notaoficial.com\/s\/wp-json\/wp\/v2\/users\/2"}],"replies":[{"embeddable":true,"href":"https:\/\/www.notaoficial.com\/s\/wp-json\/wp\/v2\/comments?post=3527"}],"version-history":[{"count":1,"href":"https:\/\/www.notaoficial.com\/s\/wp-json\/wp\/v2\/posts\/3527\/revisions"}],"predecessor-version":[{"id":3529,"href":"https:\/\/www.notaoficial.com\/s\/wp-json\/wp\/v2\/posts\/3527\/revisions\/3529"}],"wp:featuredmedia":[{"embeddable":true,"href":"https:\/\/www.notaoficial.com\/s\/wp-json\/wp\/v2\/media\/3528"}],"wp:attachment":[{"href":"https:\/\/www.notaoficial.com\/s\/wp-json\/wp\/v2\/media?parent=3527"}],"wp:term":[{"taxonomy":"category","embeddable":true,"href":"https:\/\/www.notaoficial.com\/s\/wp-json\/wp\/v2\/categories?post=3527"},{"taxonomy":"post_tag","embeddable":true,"href":"https:\/\/www.notaoficial.com\/s\/wp-json\/wp\/v2\/tags?post=3527"}],"curies":[{"name":"wp","href":"https:\/\/api.w.org\/{rel}","templated":true}]}}