{"id":3536,"date":"2018-11-07T23:29:14","date_gmt":"2018-11-08T03:29:14","guid":{"rendered":"http:\/\/www.notaoficial.com\/s\/?p=3536"},"modified":"2018-11-07T20:35:29","modified_gmt":"2018-11-08T00:35:29","slug":"cultura-chacao-y-te-paseo-y-te-cuento-ofrecen-nueva-ruta-por-el-pedregal","status":"publish","type":"post","link":"https:\/\/www.notaoficial.com\/s\/2018\/11\/07\/cultura-chacao-y-te-paseo-y-te-cuento-ofrecen-nueva-ruta-por-el-pedregal\/","title":{"rendered":"Cultura Chacao y \u2018Te Paseo y Te Cuento\u2019 ofrecen nueva ruta por El Pedregal"},"content":{"rendered":"<p>El s\u00e1bado 10 de noviembre de 2018, Cultura Chacao ofrecer\u00e1 una nueva ruta por el sector El Pedregal de 9 am a 12 m, conjuntamente con la organizaci\u00f3n \u201cTe Paseo y Te Cuento\u201d, como parte de la programaci\u00f3n tur\u00edstica que desarrolla a lo largo del a\u00f1o.<\/p>\n<p><em>El Pedregal: Una cantera de historia y tradiciones<\/em>, es el nombre de esta ruta que, bajo la gu\u00eda de Sof\u00eda Selgrad, brinda a los participantes la oportunidad de conocer los distintos aspectos que caracterizan el sector El Pedregal, zona popular ubicada entre La Castellana y el Country Club, con una comunidad llena de tradiciones, entre las que destaca la m\u00e1s antigua y conocida como es la de los Palmeros de Chacao durante la Semana Santa.<\/p>\n<p>El recorrido incluye paradas en distintos puntos clave, donde se abordan adem\u00e1s temas como, la relaci\u00f3n entre el Waraira Repano y la ciudad; la historia de El Pedregal; la Peregrinaci\u00f3n de la Virgen de Lourdes; la Procesi\u00f3n del Santo Sepulcro acompa\u00f1ado de la Virgen Mar\u00eda, la Ver\u00f3nica y San Juan por el casco hist\u00f3rico de Chacao; la Quema de Judas; la Fundaci\u00f3n Cargadores de Santos de Chacao; los tambores de San Pedro y San Juan; Los Diablos de Tinaquillo; el Encuentro Nacional de Burras y Burriquitas; y La Parranda del Ni\u00f1o Jes\u00fas.<\/p>\n<p>Quienes deseen participar en esta ruta, deben inscribirse por el correo <a href=\"mailto:gerenciatac.cultura@gmail.com\">gerenciatac.cultura@gmail.com<\/a>. La inscripci\u00f3n tiene un costo de Bs.S 200,00 por persona y el cupo es limitado<\/p>\n<p>Mayor informaci\u00f3n puede ser solicitada por la p\u00e1gina web: <a href=\"http:\/\/cultura.chacao.gob.ve\/\" data-saferedirecturl=\"https:\/\/www.google.com\/url?q=http:\/\/cultura.chacao.gob.ve\/&amp;source=gmail&amp;ust=1541722028372000&amp;usg=AFQjCNH_iYLrERhYT8gSC9oo5SaNfklSBw\">cultura.chacao.gob.ve<\/a>, o a trav\u00e9s de las cuentas de Twitter: <u><a href=\"https:\/\/twitter.com\/culturachacao\" data-saferedirecturl=\"https:\/\/www.google.com\/url?q=https:\/\/twitter.com\/culturachacao&amp;source=gmail&amp;ust=1541722028372000&amp;usg=AFQjCNEIQxGE7Ntu_g816KqrgyPGCIFkrg\">@culturachacao<\/a><\/u> Facebook: <a href=\"https:\/\/www.facebook.com\/culturachacao.org\" data-saferedirecturl=\"https:\/\/www.google.com\/url?q=https:\/\/www.facebook.com\/culturachacao.org&amp;source=gmail&amp;ust=1541722028372000&amp;usg=AFQjCNFsXmHUZrUrlzYcLbioRaTspqyI0w\">culturachacao.org<\/a>\u00a0 Instagram: <a href=\"https:\/\/instagram.com\/culturachacao\/\" data-saferedirecturl=\"https:\/\/www.google.com\/url?q=https:\/\/instagram.com\/culturachacao\/&amp;source=gmail&amp;ust=1541722028372000&amp;usg=AFQjCNHBuQqMTM5HZoPGzhgg3IPc7hX3Cg\">culturachacao<\/a><\/p>\n","protected":false},"excerpt":{"rendered":"<p>El s\u00e1bado 10 de noviembre de 2018, Cultura Chacao ofrecer\u00e1 una nueva ruta por el sector El Pedregal de 9 am a 12 m, conjuntamente con la organizaci\u00f3n \u201cTe Paseo y Te Cuento\u201d, como parte de la programaci\u00f3n tur\u00edstica que desarrolla a lo largo del a\u00f1o. El Pedregal: Una cantera de historia y tradiciones, es [&hellip;]<\/p>\n","protected":false},"author":2,"featured_media":3537,"comment_status":"closed","ping_status":"open","sticky":false,"template":"","format":"standard","meta":[],"categories":[274,140,2],"tags":[1598,3561,1595,386,3558,3553,3562,3554,3555,3557,3556,3560,3559,1599,3552],"wppr_data":[],"_links":{"self":[{"href":"https:\/\/www.notaoficial.com\/s\/wp-json\/wp\/v2\/posts\/3536"}],"collection":[{"href":"https:\/\/www.notaoficial.com\/s\/wp-json\/wp\/v2\/posts"}],"about":[{"href":"https:\/\/www.notaoficial.com\/s\/wp-json\/wp\/v2\/types\/post"}],"author":[{"embeddable":true,"href":"https:\/\/www.notaoficial.com\/s\/wp-json\/wp\/v2\/users\/2"}],"replies":[{"embeddable":true,"href":"https:\/\/www.notaoficial.com\/s\/wp-json\/wp\/v2\/comments?post=3536"}],"version-history":[{"count":1,"href":"https:\/\/www.notaoficial.com\/s\/wp-json\/wp\/v2\/posts\/3536\/revisions"}],"predecessor-version":[{"id":3538,"href":"https:\/\/www.notaoficial.com\/s\/wp-json\/wp\/v2\/posts\/3536\/revisions\/3538"}],"wp:featuredmedia":[{"embeddable":true,"href":"https:\/\/www.notaoficial.com\/s\/wp-json\/wp\/v2\/media\/3537"}],"wp:attachment":[{"href":"https:\/\/www.notaoficial.com\/s\/wp-json\/wp\/v2\/media?parent=3536"}],"wp:term":[{"taxonomy":"category","embeddable":true,"href":"https:\/\/www.notaoficial.com\/s\/wp-json\/wp\/v2\/categories?post=3536"},{"taxonomy":"post_tag","embeddable":true,"href":"https:\/\/www.notaoficial.com\/s\/wp-json\/wp\/v2\/tags?post=3536"}],"curies":[{"name":"wp","href":"https:\/\/api.w.org\/{rel}","templated":true}]}}