{"id":3553,"date":"2018-11-08T21:31:29","date_gmt":"2018-11-09T01:31:29","guid":{"rendered":"http:\/\/www.notaoficial.com\/s\/?p=3553"},"modified":"2018-11-08T19:41:12","modified_gmt":"2018-11-08T23:41:12","slug":"arte-cine-conciertos-teatro-y-deporte-tendran-nueva-sede-en-baruta","status":"publish","type":"post","link":"https:\/\/www.notaoficial.com\/s\/2018\/11\/08\/arte-cine-conciertos-teatro-y-deporte-tendran-nueva-sede-en-baruta\/","title":{"rendered":"Arte, cine, conciertos, teatro y deporte tendr\u00e1n nueva sede en Baruta"},"content":{"rendered":"<p>\u201cRompiendo Esquemas en +\u201d ser\u00e1 el evento que abra las puertas del nuevo \u201cCentro Cultural.mp\u201d en la Urb. El Placer, en Baruta este \u015babado 10 de noviembre a las 2:00 pm.<\/p>\n<p>Creado con el objetivo de apoyar tanto el deporte como la cultura, el nuevo espacio est\u00e1 destinado a la realizaci\u00f3n de exposiciones de arte, cine-foros, micro teatro, conciertos, stand-up comedy, y eventos gastron\u00f3micos, entre otras diversas expresiones creativas.<\/p>\n<p>La inauguraci\u00f3n de este fin de semana contar\u00e1 con la artista pl\u00e1stico Tatiana Mantilla, quien expondr\u00e1 sus obras plenas de figuras geom\u00e9tricas y vivos colores.<\/p>\n<p>En el campo deportivo, Coromoto Pinto presentar\u00e1 una pr\u00e1ctica de yoga a\u00e9reo, con la ejecuci\u00f3n de formas y figuras desde el colgar de las telas.<\/p>\n<p>La muestra m\u00fasical estar\u00e1 a cargo del D\u00fao David Valenzuela y Matthew Rubio, y de los j\u00f3venes m\u00fasicos Samantha Panicci (violonchelo), Oscar Correa (Violin), Gariuska Gomez (Violin), Gabriela Hern\u00e1ndez (Violin), Lusiana Abda (Viola) y Ramiro Circelli (Violin), mientras que la bailaora Amaloa Moreno, mostrar\u00e1 sus cualidades en el baie flamenco.<\/p>\n<p>Sin duda, una multifas\u00e9tica experiencia que busca atraer al p\u00fablico a esta nueva casa dedica a la cultra y el deporte. La invitaci\u00f3n queda abierta al p\u00fablico para que asistan este s\u00e1bado a esta nueva experiencia donde el arte y el deporte van de la mano.<\/p>\n<p>Direcci\u00f3n: Urb, el placer, calle sur 5. Qta Mayra. Baruta. V\u00eda a la Universidad Sim\u00f3n Bol\u00edvar. Estado Miranda, a partir de las dos de la tarde.<\/p>\n","protected":false},"excerpt":{"rendered":"<p>\u201cRompiendo Esquemas en +\u201d ser\u00e1 el evento que abra las puertas del nuevo \u201cCentro Cultural.mp\u201d en la Urb. El Placer, en Baruta este \u015babado 10 de noviembre a las 2:00 pm. Creado con el objetivo de apoyar tanto el deporte como la cultura, el nuevo espacio est\u00e1 destinado a la realizaci\u00f3n de exposiciones de arte, [&hellip;]<\/p>\n","protected":false},"author":2,"featured_media":3554,"comment_status":"closed","ping_status":"open","sticky":false,"template":"","format":"standard","meta":[],"categories":[463,2],"tags":[3603,1628,3594,3595,3600,3599,3601,3596,3598,3602,3597,3593],"wppr_data":[],"_links":{"self":[{"href":"https:\/\/www.notaoficial.com\/s\/wp-json\/wp\/v2\/posts\/3553"}],"collection":[{"href":"https:\/\/www.notaoficial.com\/s\/wp-json\/wp\/v2\/posts"}],"about":[{"href":"https:\/\/www.notaoficial.com\/s\/wp-json\/wp\/v2\/types\/post"}],"author":[{"embeddable":true,"href":"https:\/\/www.notaoficial.com\/s\/wp-json\/wp\/v2\/users\/2"}],"replies":[{"embeddable":true,"href":"https:\/\/www.notaoficial.com\/s\/wp-json\/wp\/v2\/comments?post=3553"}],"version-history":[{"count":1,"href":"https:\/\/www.notaoficial.com\/s\/wp-json\/wp\/v2\/posts\/3553\/revisions"}],"predecessor-version":[{"id":3555,"href":"https:\/\/www.notaoficial.com\/s\/wp-json\/wp\/v2\/posts\/3553\/revisions\/3555"}],"wp:featuredmedia":[{"embeddable":true,"href":"https:\/\/www.notaoficial.com\/s\/wp-json\/wp\/v2\/media\/3554"}],"wp:attachment":[{"href":"https:\/\/www.notaoficial.com\/s\/wp-json\/wp\/v2\/media?parent=3553"}],"wp:term":[{"taxonomy":"category","embeddable":true,"href":"https:\/\/www.notaoficial.com\/s\/wp-json\/wp\/v2\/categories?post=3553"},{"taxonomy":"post_tag","embeddable":true,"href":"https:\/\/www.notaoficial.com\/s\/wp-json\/wp\/v2\/tags?post=3553"}],"curies":[{"name":"wp","href":"https:\/\/api.w.org\/{rel}","templated":true}]}}