{"id":3571,"date":"2018-11-10T04:24:05","date_gmt":"2018-11-10T08:24:05","guid":{"rendered":"http:\/\/www.notaoficial.com\/s\/?p=3571"},"modified":"2018-11-10T00:30:28","modified_gmt":"2018-11-10T04:30:28","slug":"alianza-francesa-reabre-club-de-conversacion-en-la-mediateca","status":"publish","type":"post","link":"https:\/\/www.notaoficial.com\/s\/2018\/11\/10\/alianza-francesa-reabre-club-de-conversacion-en-la-mediateca\/","title":{"rendered":"Alianza Francesa reabre club de conversaci\u00f3n en la mediateca"},"content":{"rendered":"<p>En pro de mejorar su cronograma acad\u00e9mico, la Alianza Francesa de Caracas\u00a0\u00a0 reabre el club de conversaci\u00f3n, un espacio en donde aquellas personas con conocimiento de franc\u00e9s tienen la oportunidad de fortalecer sus habilidades en este idioma intercambiando ideas sobre diversos temas.<\/p>\n<p>El director de la Mediateca, profesor Carlos Garc\u00eda, se\u00f1al\u00f3 que los clubes de conversaci\u00f3n sirven para el intercambio de ideas sobre diversos temas como por ejemplo la cultura francesa y de pa\u00edses franc\u00f3fonos, deportes, religi\u00f3n, m\u00fasica, entre otros t\u00f3picos, sin que a los miembros se les penalice por alg\u00fan fallo respecto a sus conocimientos, y el uso del idioma se hace de forma sencilla y amena.<\/p>\n<p>Garc\u00eda tambi\u00e9n resalt\u00f3 que esta pr\u00e1ctica \u201cayuda a mejorar los aspectos concernientes a la producci\u00f3n oral como son \u00a0la correcta pronunciaci\u00f3n, el l\u00e9xico o vocabulario, la entonaci\u00f3n \u00a0y el ritmo (velocidad en la que se habla); evitando as\u00ed centrarse solamente en la gram\u00e1tica\u201d, catalog\u00e1ndolo como algo esencial para aquellos que quieran mejorar su producci\u00f3n oral en franc\u00e9s.<\/p>\n<p>Manifest\u00f3 adem\u00e1s que para poder participar en esta actividad se requiere poseer nociones b\u00e1sicas sobre cultura general, en especial si es francesa, ya que esto permite generar una buena din\u00e1mica de interacci\u00f3n. \u201cLos integrantes del club deben tener conocimientos b\u00e1sicos de la lengua gala y hablar de temas tanto generales como espec\u00edficos\u201d, se\u00f1al\u00f3.<\/p>\n<p>Los clubes de conversaci\u00f3n de la Alianza Francesa de Caracas funcionan en la Mediateca de la Alianza Francesa de Caracas ubicada en el Edificio Centro Solano piso 1 (cerca de la sede de la Alianza Francesa de Chaca\u00edto) en los siguientes horarios: los d\u00edas mi\u00e9rcoles de 3:00 a 4:30 pm para los niveles b\u00e1sicos A1 y A2; y los s\u00e1bados de \u00a0\u00a0\u00a010: 30 am a 12:30 pm para los niveles intermedios B1 y B2.<\/p>\n<p>Desde el a\u00f1o 1974, esta instituci\u00f3n de ense\u00f1anza del franc\u00e9s, se ha dedicado a la difusi\u00f3n de este idioma en todo el pa\u00eds, adem\u00e1s de dar a conocer la cultura franc\u00f3fona y ser un punto de encuentro y di\u00e1logo entre operadores culturales.<\/p>\n<p>Actualmente en Caracas, posee sedes ubicadas en La Castellana, Las Mercedes, Chaca\u00edto y La Tahona. Para obtener m\u00e1s informaci\u00f3n acerca de los cursos que ofrece la Alianza Francesa, sus programas acad\u00e9micos y actividades culturales puede ingresar a la p\u00e1gina web <a href=\"http:\/\/caracas.afvenezuela.org\/\">http:\/\/caracas.afvenezuela.org\/<\/a> o seguirlos a trav\u00e9s de sus cuentas en Instagram, Twitter <a href=\"https:\/\/www.instagram.com\/afvenezuela\/?hl=es\">@afcaracas<\/a> y Facebook: <a href=\"https:\/\/es-la.facebook.com\/www.caracas.afvenezuela.org\/\">Alianza Francesa Venezuela<\/a><\/p>\n","protected":false},"excerpt":{"rendered":"<p>En pro de mejorar su cronograma acad\u00e9mico, la Alianza Francesa de Caracas\u00a0\u00a0 reabre el club de conversaci\u00f3n, un espacio en donde aquellas personas con conocimiento de franc\u00e9s tienen la oportunidad de fortalecer sus habilidades en este idioma intercambiando ideas sobre diversos temas. El director de la Mediateca, profesor Carlos Garc\u00eda, se\u00f1al\u00f3 que los clubes de [&hellip;]<\/p>\n","protected":false},"author":2,"featured_media":3572,"comment_status":"closed","ping_status":"open","sticky":false,"template":"","format":"standard","meta":[],"categories":[860,140,2],"tags":[861,49,2139,1167,3634,386,1612,340,2138],"wppr_data":[],"_links":{"self":[{"href":"https:\/\/www.notaoficial.com\/s\/wp-json\/wp\/v2\/posts\/3571"}],"collection":[{"href":"https:\/\/www.notaoficial.com\/s\/wp-json\/wp\/v2\/posts"}],"about":[{"href":"https:\/\/www.notaoficial.com\/s\/wp-json\/wp\/v2\/types\/post"}],"author":[{"embeddable":true,"href":"https:\/\/www.notaoficial.com\/s\/wp-json\/wp\/v2\/users\/2"}],"replies":[{"embeddable":true,"href":"https:\/\/www.notaoficial.com\/s\/wp-json\/wp\/v2\/comments?post=3571"}],"version-history":[{"count":1,"href":"https:\/\/www.notaoficial.com\/s\/wp-json\/wp\/v2\/posts\/3571\/revisions"}],"predecessor-version":[{"id":3573,"href":"https:\/\/www.notaoficial.com\/s\/wp-json\/wp\/v2\/posts\/3571\/revisions\/3573"}],"wp:featuredmedia":[{"embeddable":true,"href":"https:\/\/www.notaoficial.com\/s\/wp-json\/wp\/v2\/media\/3572"}],"wp:attachment":[{"href":"https:\/\/www.notaoficial.com\/s\/wp-json\/wp\/v2\/media?parent=3571"}],"wp:term":[{"taxonomy":"category","embeddable":true,"href":"https:\/\/www.notaoficial.com\/s\/wp-json\/wp\/v2\/categories?post=3571"},{"taxonomy":"post_tag","embeddable":true,"href":"https:\/\/www.notaoficial.com\/s\/wp-json\/wp\/v2\/tags?post=3571"}],"curies":[{"name":"wp","href":"https:\/\/api.w.org\/{rel}","templated":true}]}}