{"id":3593,"date":"2018-11-12T20:31:22","date_gmt":"2018-11-13T00:31:22","guid":{"rendered":"http:\/\/www.notaoficial.com\/s\/?p=3593"},"modified":"2018-11-12T20:31:22","modified_gmt":"2018-11-13T00:31:22","slug":"amaro-se-sale-de-su-zona-de-confort-con-mal-de-amores","status":"publish","type":"post","link":"https:\/\/www.notaoficial.com\/s\/2018\/11\/12\/amaro-se-sale-de-su-zona-de-confort-con-mal-de-amores\/","title":{"rendered":"Amaro se sale de su zona de confort con \u201cMal de amores\u201d"},"content":{"rendered":"<p>Despu\u00e9s de haber calado en el gusto del p\u00fablico con el tema \u201cTe amo, te quiero\u201d, <strong>Amaro sorprende a sus seguidores con una propuesta que lo aleja, por completo, de su zona de confort.<\/strong><\/p>\n<p><strong>Con \u201cMal de amores\u201d, el cantante incursiona en esta oportunidad en el Trap, pero con una variante muy importante dentro de la letra<\/strong>, alejada completamente a lo que se estila dentro del g\u00e9nero. \u201c<strong>Busco innovar el mercado con la utilizaci\u00f3n de una letra profunda<\/strong>, donde no se denigre a la mujer y donde las personas de cualquier edad puedan disfrutar de una letra consciente\u201d, comenta.<\/p>\n<p><strong>Esta canci\u00f3n fue escrita por el mismo Amaro, con una colaboraci\u00f3n de King Roker, <\/strong>\u00a0mientras que la producci\u00f3n musical corri\u00f3 por cuenta de Smoll Record. \u201cLa letra es como una descarga de emociones que puede sentir una mujer que ha sido traicionada por alg\u00fan hombre. Tiene una reflexi\u00f3n minuciosa de\u00a0 c\u00f3mo se puede sentir una mujer en esa situaci\u00f3n\u201d, explica el cantautor.<\/p>\n<p><strong>Este promocional ya cuenta con un videoclip<\/strong>, grabado en los estudios de televisi\u00f3n de la Universidad Sim\u00f3n Bol\u00edvar, bajo la direcci\u00f3n y producci\u00f3n de Gabriel Graffer y Alucin\u00f3genos Producciones. El mismo va acorde a la historia que narra la letra del tema, que, sin duda, marca una diferencia en la carrera de Amaro. \u201c<strong>Busco demostrar versatilidad y superar los retos musicales que me propongo a m\u00ed mismo<\/strong>, parar seguir creciendo profesionalmente y as\u00ed poder marcar la diferencia en esta industria\u201d, asegura.<\/p>\n<p>El joven cantautor se ha destacado desde que arranc\u00f3 su carrera en g\u00e9nero del merengue rom\u00e1ntico, con el que continuar\u00e1 m\u00e1s adelante. Mientras tanto, pueden disfrutar de este trap con el que solo quiere dar una probada fuera de su elemento.<\/p>\n<p><strong>Para conocer cada paso de Amaro, no duden en seguirlo en sus redes sociales como @amarovzla.<\/strong><\/p>\n","protected":false},"excerpt":{"rendered":"<p>Despu\u00e9s de haber calado en el gusto del p\u00fablico con el tema \u201cTe amo, te quiero\u201d, Amaro sorprende a sus seguidores con una propuesta que lo aleja, por completo, de su zona de confort. Con \u201cMal de amores\u201d, el cantante incursiona en esta oportunidad en el Trap, pero con una variante muy importante dentro de [&hellip;]<\/p>\n","protected":false},"author":2,"featured_media":3594,"comment_status":"closed","ping_status":"open","sticky":false,"template":"","format":"standard","meta":[],"categories":[463,2],"tags":[3676,3675,381,15],"wppr_data":[],"_links":{"self":[{"href":"https:\/\/www.notaoficial.com\/s\/wp-json\/wp\/v2\/posts\/3593"}],"collection":[{"href":"https:\/\/www.notaoficial.com\/s\/wp-json\/wp\/v2\/posts"}],"about":[{"href":"https:\/\/www.notaoficial.com\/s\/wp-json\/wp\/v2\/types\/post"}],"author":[{"embeddable":true,"href":"https:\/\/www.notaoficial.com\/s\/wp-json\/wp\/v2\/users\/2"}],"replies":[{"embeddable":true,"href":"https:\/\/www.notaoficial.com\/s\/wp-json\/wp\/v2\/comments?post=3593"}],"version-history":[{"count":1,"href":"https:\/\/www.notaoficial.com\/s\/wp-json\/wp\/v2\/posts\/3593\/revisions"}],"predecessor-version":[{"id":3595,"href":"https:\/\/www.notaoficial.com\/s\/wp-json\/wp\/v2\/posts\/3593\/revisions\/3595"}],"wp:featuredmedia":[{"embeddable":true,"href":"https:\/\/www.notaoficial.com\/s\/wp-json\/wp\/v2\/media\/3594"}],"wp:attachment":[{"href":"https:\/\/www.notaoficial.com\/s\/wp-json\/wp\/v2\/media?parent=3593"}],"wp:term":[{"taxonomy":"category","embeddable":true,"href":"https:\/\/www.notaoficial.com\/s\/wp-json\/wp\/v2\/categories?post=3593"},{"taxonomy":"post_tag","embeddable":true,"href":"https:\/\/www.notaoficial.com\/s\/wp-json\/wp\/v2\/tags?post=3593"}],"curies":[{"name":"wp","href":"https:\/\/api.w.org\/{rel}","templated":true}]}}