{"id":3627,"date":"2018-11-15T21:24:08","date_gmt":"2018-11-16T01:24:08","guid":{"rendered":"http:\/\/www.notaoficial.com\/s\/?p=3627"},"modified":"2018-11-15T20:33:16","modified_gmt":"2018-11-16T00:33:16","slug":"pedro-leon-carrillo-unico-venezolano-seleccionado-para-i-bienal-del-oleo-en-china","status":"publish","type":"post","link":"https:\/\/www.notaoficial.com\/s\/2018\/11\/15\/pedro-leon-carrillo-unico-venezolano-seleccionado-para-i-bienal-del-oleo-en-china\/","title":{"rendered":"Pedro Le\u00f3n Carrillo \u00fanico venezolano seleccionado para I Bienal del Oleo en China"},"content":{"rendered":"<p>Un gran honor ha recibido el artista pl\u00e1stico Pedro Le\u00f3n Carrillo, al ser el \u00fanico venezolano seleccionado, junto con otros 11artistas de Am\u00e9rica, por un jurado compuesto por la asociaci\u00f3n de Artistas Chinos, la Federaci\u00f3n de Literatos, autoridades del distrito de Longgang y el Ministerio de Educaci\u00f3n y Turismo de China para participar en la I Bienal del Oleo (The first International Oil Painting Biennale) en Dagen, China, a inaugurarse este 30 de noviembre de 2018.<\/p>\n<p>El artista explica su satisfacci\u00f3n: \u201cPrimero, porque quien gana con este nombramiento es Venezuela y segundo porque es un soporte para el arte contempor\u00e1neo de nuestro pa\u00eds. La ciudad de Dafen es la capital mundial de elaboraci\u00f3n del \u00d3leo y ello constituye mi mayor alegr\u00eda al participar en este evento internacional, adem\u00e1s de honrar a mi pa\u00eds, hay que considerar que tan solo once artistas seleccionados representar\u00e1n a toda Am\u00e9rica. Los otros participantes son dos por USA, uno por Argentina, uno por Panam\u00e1, uno por Costa Rica, dos por Per\u00fa, dos por M\u00e9xico y uno por Colombia.<\/p>\n<p>La obra\u00a0\u00a0del venezolano participante en la I Bienal del Oleo es : \u00abCuriara Waraina\u00bb. (Canoa tallada de un tronco por los indios Waraos)<\/p>\n<p>Pedro Le\u00f3n Carrillo es Artista pl\u00e1stico, con una Carrera de m\u00e1s 55 a\u00f1os. Es restaurador y conservador de obras de patrimonio, fot\u00f3grafo, proyectista, constructor y Presidente de la Fundaci\u00f3n Le\u00f3n Carrillo. En resumen reciente de su biograf\u00eda cabe destacar que en 2008, crea el primer taller de Restauraci\u00f3n de Obras de Caballete; Dictado a 20 Artistas patrocinado por la Direcci\u00f3n de Cultura del Estado Trujillo y el Centro de Historia del ese Estado. Ese mismo a\u00f1o es electo Director de Planificaci\u00f3n de la AVAP, Asociaci\u00f3n Venezolana de Artistas Pl\u00e1sticos, periodo 2008 \u2013 2011.<\/p>\n<p>En el 2009 expone en la VI Euroamericana de Artes Visuales, Campeche, M\u00e9xico; en la Convenci\u00f3n de M\u00e9xico de A.I.A.P. UNESCO, es electo Vicepresidente del Comit\u00e9 Regional para Am\u00e9rica Latina y el Caribe AIAP, UNESCO, Per\u00edodo 2009 -2012. En el 2010 expone en la Cuarta Bienal Internacional de Beijing donde su obra \u201cEl Manglar\u201d es seleccionada para permanecer en el Museo Nacional de China. En 2012, es seleccionado de nuevo para exponer una de sus obras en la V Bienal de Beijing (en esta oportunidad, como \u00fanico venezolano en participar). Posteriormente, crea la Fundaci\u00f3n Le\u00f3n Carrillo y un a\u00f1o mas tarde, lac en honor a su padre, tambi\u00e9n artista pl\u00e1stico.<\/p>\n<p>Luego expone en la Euroamericana en Cusco Per\u00fa en octubre de 2012, donde es condecorado por su labor art\u00edstica.\u00a0\u00a0Entre las recientes colectivas mas destacadas participa en Imago Mundi de la Fundaci\u00f3n Benetton.\u00a0\u00a0Universidad Metropolitana, Universidad Andr\u00e9s Bello y Univesidad Santa Maria; adem\u00e1s expuso en la itinerante: 25 Artistas con la mirada en la Colonia Tovar, celebrada en el 175 aniversario de esta poblacion Turistica. Est\u00e1 representado con su obra, adem\u00e1s de Venezuela, en: Argentina, Espa\u00f1a,\u00a0\u00a0Colombia, Costa Rica, Estados Unidos, Italia, China, M\u00e9xico y Panam\u00e1.<\/p>\n","protected":false},"excerpt":{"rendered":"<p>Un gran honor ha recibido el artista pl\u00e1stico Pedro Le\u00f3n Carrillo, al ser el \u00fanico venezolano seleccionado, junto con otros 11artistas de Am\u00e9rica, por un jurado compuesto por la asociaci\u00f3n de Artistas Chinos, la Federaci\u00f3n de Literatos, autoridades del distrito de Longgang y el Ministerio de Educaci\u00f3n y Turismo de China para participar en la [&hellip;]<\/p>\n","protected":false},"author":2,"featured_media":3628,"comment_status":"closed","ping_status":"open","sticky":false,"template":"","format":"standard","meta":[],"categories":[463,2],"tags":[17,3750,28,202,3753,3751,3752,199,86,3749,10,3754,2112],"wppr_data":[],"_links":{"self":[{"href":"https:\/\/www.notaoficial.com\/s\/wp-json\/wp\/v2\/posts\/3627"}],"collection":[{"href":"https:\/\/www.notaoficial.com\/s\/wp-json\/wp\/v2\/posts"}],"about":[{"href":"https:\/\/www.notaoficial.com\/s\/wp-json\/wp\/v2\/types\/post"}],"author":[{"embeddable":true,"href":"https:\/\/www.notaoficial.com\/s\/wp-json\/wp\/v2\/users\/2"}],"replies":[{"embeddable":true,"href":"https:\/\/www.notaoficial.com\/s\/wp-json\/wp\/v2\/comments?post=3627"}],"version-history":[{"count":1,"href":"https:\/\/www.notaoficial.com\/s\/wp-json\/wp\/v2\/posts\/3627\/revisions"}],"predecessor-version":[{"id":3629,"href":"https:\/\/www.notaoficial.com\/s\/wp-json\/wp\/v2\/posts\/3627\/revisions\/3629"}],"wp:featuredmedia":[{"embeddable":true,"href":"https:\/\/www.notaoficial.com\/s\/wp-json\/wp\/v2\/media\/3628"}],"wp:attachment":[{"href":"https:\/\/www.notaoficial.com\/s\/wp-json\/wp\/v2\/media?parent=3627"}],"wp:term":[{"taxonomy":"category","embeddable":true,"href":"https:\/\/www.notaoficial.com\/s\/wp-json\/wp\/v2\/categories?post=3627"},{"taxonomy":"post_tag","embeddable":true,"href":"https:\/\/www.notaoficial.com\/s\/wp-json\/wp\/v2\/tags?post=3627"}],"curies":[{"name":"wp","href":"https:\/\/api.w.org\/{rel}","templated":true}]}}